{"id":23381,"date":"2019-12-21T12:20:46","date_gmt":"2019-12-21T11:20:46","guid":{"rendered":"https:\/\/abrtherapy.com\/o-privire-inapoi-asupra-anului-2019-de-la-un-antrenor-abr\/"},"modified":"2022-02-22T23:36:51","modified_gmt":"2022-02-22T22:36:51","slug":"o-privire-inapoi-asupra-anului-2019-de-la-un-antrenor-abr","status":"publish","type":"post","link":"https:\/\/abrtherapy.com\/ro\/o-privire-inapoi-asupra-anului-2019-de-la-un-antrenor-abr\/","title":{"rendered":"O privire \u00eenapoi asupra anului 2019 de la un antrenor ABR"},"content":{"rendered":"<h1>Salut\u0103ri copiilor \u0219i p\u0103rin\u021bilor no\u0219tri minuna\u021bi!<\/h1>\n<p>Cr\u0103ciunul este la col\u021b \u0219i 2019 se apropie de sf\u00e2r\u0219it.<br \/>\nEste timpul s\u0103 ne uit\u0103m \u00eenapoi la acest an minunat, din punct de vedere al antrenorilor ABR!<\/p>\n<p>&nbsp;<\/p>\n<h2>Un nou capitol ca antrenor ABR<\/h2>\n<p>La \u00eenceputul lui 2019, <a href=\"https:\/\/abrtherapy.com\/ro\/team-member\/carolien-roberti\/\">am \u00eenceput ca trainer ABR<\/a> . La fel ca \u0219i p\u0103rin\u021bii care \u00eencep c\u0103l\u0103toria lor ABR, a trebuit s\u0103 \u00eenv\u0103\u021b diferitele tehnici \u0219i c\u00e2t de important este s\u0103 \u201econcentrez \u0219i s\u0103 sim\u021bi\u201d. \u00cen fiecare zi, corpul uman m\u0103 uime\u0219te \u0219i este impresionant cum este capabil s\u0103 se schimbe \u0219i s\u0103 progreseze.<\/p>\n<p>&nbsp;<\/p>\n<p>Dar nu a\u0219 fi \u00eenv\u0103\u021bat at\u00e2t de multe, f\u0103r\u0103 dragii mei colegi ABR. F\u0103r\u0103 \u00eendoial\u0103, sunt una dintre cele mai mari binecuv\u00e2nt\u0103ri ale mele din 2019. Chiar de la \u00eenceput, m-am sim\u021bit binevenit \u0219i sprijinit. Mi se pare c\u0103 fac parte din familia ABR de mul\u021bi ani. C\u00e2nd vizita\u021bi centrul nostru ABR Belgia, ve\u021bi sim\u021bi aceea\u0219i c\u0103ldur\u0103 \u0219i sprijin, sunt sigur de asta.<\/p>\n<p>&nbsp;<\/p>\n<h2>Cei mai mari copii \u0219i p\u0103rin\u021bi<\/h2>\n<p><img decoding=\"async\" class=\"wp-image-17235 alignleft\" src=\"https:\/\/abrtherapy.com\/wp-content\/uploads\/2019\/12\/fotografierende-ckvAsKbpRP0-unsplash22-300x283.jpg\" alt=\"\" width=\"191\" height=\"180\">A doua mea binecuv\u00e2ntare a anului 2019 au fost to\u021bi copiii frumo\u0219i \u0219i p\u0103rin\u021bii puternici pe care i-am \u00eent\u00e2lnit.<\/p>\n<p>C\u00e2nd vorbesc despre meseria mea de trainer ABR, de multe ori primesc remarca: \u201eWow, e grozav! Dar nu este greu din punct de vedere emo\u021bional s\u0103 lucrezi cu copii cu nevoi speciale?\u201d Sincer, probabil c\u0103 a\u0219 pune aceea\u0219i \u00eentrebare dac\u0103 nu a\u0219 lucra pentru ABR. Dar nu, nu e greu. Recunosc lucrurile pe care copiii no\u0219tri nu le pot face, dar nu m\u0103 concentrez negativ asupra lor. Accentul meu este pe cre\u0219terea copiilor no\u0219tri, ce putem face pentru a le face via\u021ba mai confortabil\u0103 \u0219i mai fericit\u0103? Deci, este un accent pozitiv \u0219i asta e ceva ce am \u00eenv\u0103\u021bat anul acesta la ABR.<\/p>\n<h2><\/h2>\n<p>Iar voi parintii&#8230; Wow! Sunte\u021bi grozavi b\u0103ie\u021bi!<br \/>\n\u0218tiam deja c\u0103 p\u0103rin\u021bii vor face orice pentru copiii lor. Dar anul acesta am v\u0103zut d\u0103ruire real\u0103, putere \u0219i \u00eencredere \u00een a alege o alt\u0103 cale. Deoarece ABR este o terapie la domiciliu, p\u0103rin\u021bii c\u00e2\u0219tiga\u021bi controlul \u00eenapoi \u0219i pute\u021bi influen\u021ba de unul singur cre\u0219terea propriului copil. Asta valoreaz\u0103 milioane. Dar \u0219tim c\u0103 nu este \u00eentotdeauna u\u0219or, este nevoie de mult\u0103 planificare \u0219i angajament. \u0218i de aceea vreau s\u0103 v\u0103 mul\u021bumesc tuturor pentru acea d\u0103ruire. E\u0219ti puternic. Faci o treab\u0103 excelent\u0103. \u0218i e\u0219ti cel mai bun p\u0103rinte pe care un copil \u0219i-l poate dori. O \u00eembr\u0103\u021bi\u0219are c\u0103lduroas\u0103 pentru voi to\u021bi!<\/p>\n<p>&nbsp;<\/p>\n<p>S\u0103 s\u0103rb\u0103torim \u00eembun\u0103t\u0103\u021birile din acest an. \u0218i \u00eemi doresc \u0219i mai multe lucruri bune s\u0103 se \u00eent\u00e2mple \u00een 2020. Noroc pentru tine, noroc pentru copiii no\u0219tri minuna\u021bi, p\u0103rin\u021bi \u0219i \u00eengrijitori!<\/p>\n<p>&nbsp;<\/p>\n<p>Mult\u0103 dragoste,<br \/>\nCarolien<\/p>\n<p>&nbsp;<\/p>\n","protected":false},"excerpt":{"rendered":"<p>Carolien se uit\u0103 \u00eenapoi la 2019 \u0219i are o urare frumoas\u0103 pentru toat\u0103 lumea! <\/p>\n","protected":false},"author":6,"featured_media":17290,"comment_status":"closed","ping_status":"closed","sticky":false,"template":"","format":"standard","meta":{"_exactmetrics_skip_tracking":false,"_exactmetrics_sitenote_active":false,"_exactmetrics_sitenote_note":"","_exactmetrics_sitenote_category":0,"footnotes":""},"categories":[604],"tags":[731,319,732,733,730],"class_list":["post-23381","post","type-post","status-publish","format-standard","has-post-thumbnail","hentry","category-autor","tag-2019-ro","tag-abr-ro","tag-parinti-puternici","tag-puterea-copiilor","tag-urarea-de-craciun"],"yoast_head":"<!-- This site is optimized with the Yoast SEO plugin v26.9 - https:\/\/yoast.com\/product\/yoast-seo-wordpress\/ -->\n<title>O privire \u00eenapoi asupra anului 2019 de la un antrenor ABR - ABR Therapy<\/title>\n<meta name=\"description\" content=\"Antrenor ABR. S\u0103 s\u0103rb\u0103torim \u00eembun\u0103t\u0103\u021birile din acest an. Noroc pentru tine, noroc pentru copiii no\u0219tri minuna\u021bi, p\u0103rin\u021bi \u0219i \u00eengrijitori!\" \/>\n<meta name=\"robots\" content=\"index, follow, max-snippet:-1, max-image-preview:large, max-video-preview:-1\" \/>\n<link rel=\"canonical\" href=\"https:\/\/abrtherapy.com\/ro\/o-privire-inapoi-asupra-anului-2019-de-la-un-antrenor-abr\/\" \/>\n<meta property=\"og:locale\" content=\"ro_RO\" \/>\n<meta property=\"og:type\" content=\"article\" \/>\n<meta property=\"og:title\" content=\"O privire \u00eenapoi asupra anului 2019 de la un antrenor ABR - ABR Therapy\" \/>\n<meta property=\"og:description\" content=\"Antrenor ABR. S\u0103 s\u0103rb\u0103torim \u00eembun\u0103t\u0103\u021birile din acest an. Noroc pentru tine, noroc pentru copiii no\u0219tri minuna\u021bi, p\u0103rin\u021bi \u0219i \u00eengrijitori!\" \/>\n<meta property=\"og:url\" content=\"https:\/\/abrtherapy.com\/ro\/o-privire-inapoi-asupra-anului-2019-de-la-un-antrenor-abr\/\" \/>\n<meta property=\"og:site_name\" content=\"ABR Therapy\" \/>\n<meta property=\"article:published_time\" content=\"2019-12-21T11:20:46+00:00\" \/>\n<meta property=\"article:modified_time\" content=\"2022-02-22T22:36:51+00:00\" \/>\n<meta property=\"og:image\" content=\"https:\/\/abrtherapy.com\/wp-content\/uploads\/2019\/12\/Groepsfoto-kerst-2019-2-geknipt-1-966x1024.png\" \/>\n\t<meta property=\"og:image:width\" content=\"966\" \/>\n\t<meta property=\"og:image:height\" content=\"1024\" \/>\n\t<meta property=\"og:image:type\" content=\"image\/png\" \/>\n<meta name=\"author\" content=\"Carolien\" \/>\n<meta name=\"twitter:card\" content=\"summary_large_image\" \/>\n<meta name=\"twitter:label1\" content=\"Scris de\" \/>\n\t<meta name=\"twitter:data1\" content=\"Carolien\" \/>\n\t<meta name=\"twitter:label2\" content=\"Timp estimat pentru citire\" \/>\n\t<meta name=\"twitter:data2\" content=\"3 minute\" \/>\n<script type=\"application\/ld+json\" class=\"yoast-schema-graph\">{\"@context\":\"https:\/\/schema.org\",\"@graph\":[{\"@type\":\"Article\",\"@id\":\"https:\/\/abrtherapy.com\/ro\/o-privire-inapoi-asupra-anului-2019-de-la-un-antrenor-abr\/#article\",\"isPartOf\":{\"@id\":\"https:\/\/abrtherapy.com\/ro\/o-privire-inapoi-asupra-anului-2019-de-la-un-antrenor-abr\/\"},\"author\":{\"name\":\"Carolien\",\"@id\":\"https:\/\/abrtherapy.com\/#\/schema\/person\/8a3f956772ad6ffda3fff0796d8b431c\"},\"headline\":\"O privire \u00eenapoi asupra anului 2019 de la un antrenor ABR\",\"datePublished\":\"2019-12-21T11:20:46+00:00\",\"dateModified\":\"2022-02-22T22:36:51+00:00\",\"mainEntityOfPage\":{\"@id\":\"https:\/\/abrtherapy.com\/ro\/o-privire-inapoi-asupra-anului-2019-de-la-un-antrenor-abr\/\"},\"wordCount\":513,\"image\":{\"@id\":\"https:\/\/abrtherapy.com\/ro\/o-privire-inapoi-asupra-anului-2019-de-la-un-antrenor-abr\/#primaryimage\"},\"thumbnailUrl\":\"https:\/\/abrtherapy.com\/wp-content\/uploads\/2019\/12\/Groepsfoto-kerst-2019-2-geknipt-1.png\",\"keywords\":[\"2019\",\"ABR\",\"P\u0103rin\u021bi puternici\",\"Puterea copiilor\",\"Urarea de Cr\u0103ciun\"],\"articleSection\":[\"Autori invita\u021bi\"],\"inLanguage\":\"ro-RO\"},{\"@type\":\"WebPage\",\"@id\":\"https:\/\/abrtherapy.com\/ro\/o-privire-inapoi-asupra-anului-2019-de-la-un-antrenor-abr\/\",\"url\":\"https:\/\/abrtherapy.com\/ro\/o-privire-inapoi-asupra-anului-2019-de-la-un-antrenor-abr\/\",\"name\":\"O privire \u00eenapoi asupra anului 2019 de la un antrenor ABR - ABR Therapy\",\"isPartOf\":{\"@id\":\"https:\/\/abrtherapy.com\/#website\"},\"primaryImageOfPage\":{\"@id\":\"https:\/\/abrtherapy.com\/ro\/o-privire-inapoi-asupra-anului-2019-de-la-un-antrenor-abr\/#primaryimage\"},\"image\":{\"@id\":\"https:\/\/abrtherapy.com\/ro\/o-privire-inapoi-asupra-anului-2019-de-la-un-antrenor-abr\/#primaryimage\"},\"thumbnailUrl\":\"https:\/\/abrtherapy.com\/wp-content\/uploads\/2019\/12\/Groepsfoto-kerst-2019-2-geknipt-1.png\",\"datePublished\":\"2019-12-21T11:20:46+00:00\",\"dateModified\":\"2022-02-22T22:36:51+00:00\",\"author\":{\"@id\":\"https:\/\/abrtherapy.com\/#\/schema\/person\/8a3f956772ad6ffda3fff0796d8b431c\"},\"description\":\"Antrenor ABR. S\u0103 s\u0103rb\u0103torim \u00eembun\u0103t\u0103\u021birile din acest an. Noroc pentru tine, noroc pentru copiii no\u0219tri minuna\u021bi, p\u0103rin\u021bi \u0219i \u00eengrijitori!\",\"breadcrumb\":{\"@id\":\"https:\/\/abrtherapy.com\/ro\/o-privire-inapoi-asupra-anului-2019-de-la-un-antrenor-abr\/#breadcrumb\"},\"inLanguage\":\"ro-RO\",\"potentialAction\":[{\"@type\":\"ReadAction\",\"target\":[\"https:\/\/abrtherapy.com\/ro\/o-privire-inapoi-asupra-anului-2019-de-la-un-antrenor-abr\/\"]}]},{\"@type\":\"ImageObject\",\"inLanguage\":\"ro-RO\",\"@id\":\"https:\/\/abrtherapy.com\/ro\/o-privire-inapoi-asupra-anului-2019-de-la-un-antrenor-abr\/#primaryimage\",\"url\":\"https:\/\/abrtherapy.com\/wp-content\/uploads\/2019\/12\/Groepsfoto-kerst-2019-2-geknipt-1.png\",\"contentUrl\":\"https:\/\/abrtherapy.com\/wp-content\/uploads\/2019\/12\/Groepsfoto-kerst-2019-2-geknipt-1.png\",\"width\":1428,\"height\":1514},{\"@type\":\"BreadcrumbList\",\"@id\":\"https:\/\/abrtherapy.com\/ro\/o-privire-inapoi-asupra-anului-2019-de-la-un-antrenor-abr\/#breadcrumb\",\"itemListElement\":[{\"@type\":\"ListItem\",\"position\":1,\"name\":\"Home\",\"item\":\"https:\/\/abrtherapy.com\/ro\/\"},{\"@type\":\"ListItem\",\"position\":2,\"name\":\"O privire \u00eenapoi asupra anului 2019 de la un antrenor ABR\"}]},{\"@type\":\"WebSite\",\"@id\":\"https:\/\/abrtherapy.com\/#website\",\"url\":\"https:\/\/abrtherapy.com\/\",\"name\":\"ABR Therapy\",\"description\":\"Advanced Biomechanical Rehabilitation\",\"potentialAction\":[{\"@type\":\"SearchAction\",\"target\":{\"@type\":\"EntryPoint\",\"urlTemplate\":\"https:\/\/abrtherapy.com\/?s={search_term_string}\"},\"query-input\":{\"@type\":\"PropertyValueSpecification\",\"valueRequired\":true,\"valueName\":\"search_term_string\"}}],\"inLanguage\":\"ro-RO\"},{\"@type\":\"Person\",\"@id\":\"https:\/\/abrtherapy.com\/#\/schema\/person\/8a3f956772ad6ffda3fff0796d8b431c\",\"name\":\"Carolien\",\"image\":{\"@type\":\"ImageObject\",\"inLanguage\":\"ro-RO\",\"@id\":\"https:\/\/abrtherapy.com\/#\/schema\/person\/image\/\",\"url\":\"https:\/\/secure.gravatar.com\/avatar\/0f1eba1010056e403e998eb24d09e27fa66696e6967607b0277f9364f690036f?s=96&d=mm&r=g\",\"contentUrl\":\"https:\/\/secure.gravatar.com\/avatar\/0f1eba1010056e403e998eb24d09e27fa66696e6967607b0277f9364f690036f?s=96&d=mm&r=g\",\"caption\":\"Carolien\"},\"url\":\"https:\/\/abrtherapy.com\/ro\/author\/carolien\/\"}]}<\/script>\n<!-- \/ Yoast SEO plugin. -->","yoast_head_json":{"title":"O privire \u00eenapoi asupra anului 2019 de la un antrenor ABR - ABR Therapy","description":"Antrenor ABR. S\u0103 s\u0103rb\u0103torim \u00eembun\u0103t\u0103\u021birile din acest an. Noroc pentru tine, noroc pentru copiii no\u0219tri minuna\u021bi, p\u0103rin\u021bi \u0219i \u00eengrijitori!","robots":{"index":"index","follow":"follow","max-snippet":"max-snippet:-1","max-image-preview":"max-image-preview:large","max-video-preview":"max-video-preview:-1"},"canonical":"https:\/\/abrtherapy.com\/ro\/o-privire-inapoi-asupra-anului-2019-de-la-un-antrenor-abr\/","og_locale":"ro_RO","og_type":"article","og_title":"O privire \u00eenapoi asupra anului 2019 de la un antrenor ABR - ABR Therapy","og_description":"Antrenor ABR. S\u0103 s\u0103rb\u0103torim \u00eembun\u0103t\u0103\u021birile din acest an. Noroc pentru tine, noroc pentru copiii no\u0219tri minuna\u021bi, p\u0103rin\u021bi \u0219i \u00eengrijitori!","og_url":"https:\/\/abrtherapy.com\/ro\/o-privire-inapoi-asupra-anului-2019-de-la-un-antrenor-abr\/","og_site_name":"ABR Therapy","article_published_time":"2019-12-21T11:20:46+00:00","article_modified_time":"2022-02-22T22:36:51+00:00","og_image":[{"width":966,"height":1024,"url":"https:\/\/abrtherapy.com\/wp-content\/uploads\/2019\/12\/Groepsfoto-kerst-2019-2-geknipt-1-966x1024.png","type":"image\/png"}],"author":"Carolien","twitter_card":"summary_large_image","twitter_misc":{"Scris de":"Carolien","Timp estimat pentru citire":"3 minute"},"schema":{"@context":"https:\/\/schema.org","@graph":[{"@type":"Article","@id":"https:\/\/abrtherapy.com\/ro\/o-privire-inapoi-asupra-anului-2019-de-la-un-antrenor-abr\/#article","isPartOf":{"@id":"https:\/\/abrtherapy.com\/ro\/o-privire-inapoi-asupra-anului-2019-de-la-un-antrenor-abr\/"},"author":{"name":"Carolien","@id":"https:\/\/abrtherapy.com\/#\/schema\/person\/8a3f956772ad6ffda3fff0796d8b431c"},"headline":"O privire \u00eenapoi asupra anului 2019 de la un antrenor ABR","datePublished":"2019-12-21T11:20:46+00:00","dateModified":"2022-02-22T22:36:51+00:00","mainEntityOfPage":{"@id":"https:\/\/abrtherapy.com\/ro\/o-privire-inapoi-asupra-anului-2019-de-la-un-antrenor-abr\/"},"wordCount":513,"image":{"@id":"https:\/\/abrtherapy.com\/ro\/o-privire-inapoi-asupra-anului-2019-de-la-un-antrenor-abr\/#primaryimage"},"thumbnailUrl":"https:\/\/abrtherapy.com\/wp-content\/uploads\/2019\/12\/Groepsfoto-kerst-2019-2-geknipt-1.png","keywords":["2019","ABR","P\u0103rin\u021bi puternici","Puterea copiilor","Urarea de Cr\u0103ciun"],"articleSection":["Autori invita\u021bi"],"inLanguage":"ro-RO"},{"@type":"WebPage","@id":"https:\/\/abrtherapy.com\/ro\/o-privire-inapoi-asupra-anului-2019-de-la-un-antrenor-abr\/","url":"https:\/\/abrtherapy.com\/ro\/o-privire-inapoi-asupra-anului-2019-de-la-un-antrenor-abr\/","name":"O privire \u00eenapoi asupra anului 2019 de la un antrenor ABR - ABR Therapy","isPartOf":{"@id":"https:\/\/abrtherapy.com\/#website"},"primaryImageOfPage":{"@id":"https:\/\/abrtherapy.com\/ro\/o-privire-inapoi-asupra-anului-2019-de-la-un-antrenor-abr\/#primaryimage"},"image":{"@id":"https:\/\/abrtherapy.com\/ro\/o-privire-inapoi-asupra-anului-2019-de-la-un-antrenor-abr\/#primaryimage"},"thumbnailUrl":"https:\/\/abrtherapy.com\/wp-content\/uploads\/2019\/12\/Groepsfoto-kerst-2019-2-geknipt-1.png","datePublished":"2019-12-21T11:20:46+00:00","dateModified":"2022-02-22T22:36:51+00:00","author":{"@id":"https:\/\/abrtherapy.com\/#\/schema\/person\/8a3f956772ad6ffda3fff0796d8b431c"},"description":"Antrenor ABR. S\u0103 s\u0103rb\u0103torim \u00eembun\u0103t\u0103\u021birile din acest an. Noroc pentru tine, noroc pentru copiii no\u0219tri minuna\u021bi, p\u0103rin\u021bi \u0219i \u00eengrijitori!","breadcrumb":{"@id":"https:\/\/abrtherapy.com\/ro\/o-privire-inapoi-asupra-anului-2019-de-la-un-antrenor-abr\/#breadcrumb"},"inLanguage":"ro-RO","potentialAction":[{"@type":"ReadAction","target":["https:\/\/abrtherapy.com\/ro\/o-privire-inapoi-asupra-anului-2019-de-la-un-antrenor-abr\/"]}]},{"@type":"ImageObject","inLanguage":"ro-RO","@id":"https:\/\/abrtherapy.com\/ro\/o-privire-inapoi-asupra-anului-2019-de-la-un-antrenor-abr\/#primaryimage","url":"https:\/\/abrtherapy.com\/wp-content\/uploads\/2019\/12\/Groepsfoto-kerst-2019-2-geknipt-1.png","contentUrl":"https:\/\/abrtherapy.com\/wp-content\/uploads\/2019\/12\/Groepsfoto-kerst-2019-2-geknipt-1.png","width":1428,"height":1514},{"@type":"BreadcrumbList","@id":"https:\/\/abrtherapy.com\/ro\/o-privire-inapoi-asupra-anului-2019-de-la-un-antrenor-abr\/#breadcrumb","itemListElement":[{"@type":"ListItem","position":1,"name":"Home","item":"https:\/\/abrtherapy.com\/ro\/"},{"@type":"ListItem","position":2,"name":"O privire \u00eenapoi asupra anului 2019 de la un antrenor ABR"}]},{"@type":"WebSite","@id":"https:\/\/abrtherapy.com\/#website","url":"https:\/\/abrtherapy.com\/","name":"ABR Therapy","description":"Advanced Biomechanical Rehabilitation","potentialAction":[{"@type":"SearchAction","target":{"@type":"EntryPoint","urlTemplate":"https:\/\/abrtherapy.com\/?s={search_term_string}"},"query-input":{"@type":"PropertyValueSpecification","valueRequired":true,"valueName":"search_term_string"}}],"inLanguage":"ro-RO"},{"@type":"Person","@id":"https:\/\/abrtherapy.com\/#\/schema\/person\/8a3f956772ad6ffda3fff0796d8b431c","name":"Carolien","image":{"@type":"ImageObject","inLanguage":"ro-RO","@id":"https:\/\/abrtherapy.com\/#\/schema\/person\/image\/","url":"https:\/\/secure.gravatar.com\/avatar\/0f1eba1010056e403e998eb24d09e27fa66696e6967607b0277f9364f690036f?s=96&d=mm&r=g","contentUrl":"https:\/\/secure.gravatar.com\/avatar\/0f1eba1010056e403e998eb24d09e27fa66696e6967607b0277f9364f690036f?s=96&d=mm&r=g","caption":"Carolien"},"url":"https:\/\/abrtherapy.com\/ro\/author\/carolien\/"}]}},"_links":{"self":[{"href":"https:\/\/abrtherapy.com\/ro\/wp-json\/wp\/v2\/posts\/23381","targetHints":{"allow":["GET"]}}],"collection":[{"href":"https:\/\/abrtherapy.com\/ro\/wp-json\/wp\/v2\/posts"}],"about":[{"href":"https:\/\/abrtherapy.com\/ro\/wp-json\/wp\/v2\/types\/post"}],"author":[{"embeddable":true,"href":"https:\/\/abrtherapy.com\/ro\/wp-json\/wp\/v2\/users\/6"}],"replies":[{"embeddable":true,"href":"https:\/\/abrtherapy.com\/ro\/wp-json\/wp\/v2\/comments?post=23381"}],"version-history":[{"count":0,"href":"https:\/\/abrtherapy.com\/ro\/wp-json\/wp\/v2\/posts\/23381\/revisions"}],"wp:featuredmedia":[{"embeddable":true,"href":"https:\/\/abrtherapy.com\/ro\/wp-json\/wp\/v2\/media\/17290"}],"wp:attachment":[{"href":"https:\/\/abrtherapy.com\/ro\/wp-json\/wp\/v2\/media?parent=23381"}],"wp:term":[{"taxonomy":"category","embeddable":true,"href":"https:\/\/abrtherapy.com\/ro\/wp-json\/wp\/v2\/categories?post=23381"},{"taxonomy":"post_tag","embeddable":true,"href":"https:\/\/abrtherapy.com\/ro\/wp-json\/wp\/v2\/tags?post=23381"}],"curies":[{"name":"wp","href":"https:\/\/api.w.org\/{rel}","templated":true}]}}