{"id":23355,"date":"2020-03-01T11:20:10","date_gmt":"2020-03-01T10:20:10","guid":{"rendered":"https:\/\/abrtherapy.com\/abc-ul-abr-a-autism-si-cum-functioneaza-creierul\/"},"modified":"2023-06-05T10:33:39","modified_gmt":"2023-06-05T08:33:39","slug":"abc-ul-abr-a-autism-si-cum-functioneaza-creierul","status":"publish","type":"post","link":"https:\/\/abrtherapy.com\/ro\/abc-ul-abr-a-autism-si-cum-functioneaza-creierul\/","title":{"rendered":"ABC-ul ABR &#8211; A &#8211; Autism \u0219i cum func\u021bioneaz\u0103 creierul"},"content":{"rendered":"<h1>The ABC of ABR &#8211; A &#8211; Autism and how the brain works<\/h1>\n<p>We can\u2019t judge children with autism, because they are special. They have a special way of how their nervous system charges and discharges and how they process the sensory input. Everything is special: some things are amplified; some things are taken down.<\/p>\n<h2><strong>How the brain works: pruning and sprouting<img decoding=\"async\" class=\" wp-image-17988 alignright\" src=\"https:\/\/abrtherapy.com\/wp-content\/uploads\/2020\/03\/Autism-1.png\" alt=\"\" width=\"184\" height=\"184\" \/><\/strong><\/h2>\n<p>As babies, we have the most of the neural connections we will ever have. The biggest development is the so-called \u2018pruning\u2019, which means that excess connections get cut off. And of course, there is also \u2018sprouting\u2019: the new connections that are being made. But there is 10 times more pruning than there is sprouting.<\/p>\n<h2><strong>Children with autism<\/strong><\/h2>\n<p>What is special about children with autism is that in many areas, the pruning doesn\u2019t happen. They are as sprouted as the babies. So that\u2019s why they can have super sensory powers.<br \/>\nThe fact that this autistic boy<sup>(1)<\/sup> was able to hear something from 50 meters away, wasn\u2019t something supernatural. He used those original elements to their highest engagement. It gave him in certain areas a super sensitivity but that super sensitivity became trouble too. For us it\u2019s a normal sound, but for them it\u2019s like you put a 100 times amplified siren in your ear.<\/p>\n<h2><strong>Children with brain injury<\/strong><\/h2>\n<p>When it comes to the kids with brain injury, that\u2019s even more complicated. Some areas which were damaged at birth, were not just pruned, they were kind of erased.<br \/>\nSo, the areas that were sprouted took over and built some tricky connections. That\u2019s how you come to this unique and individual print of the sensory responses with brain injured children.<\/p>\n<p><span style=\"color: #999999;\"><sup>(1)<\/sup> <em><a href=\"https:\/\/abrtherapy.com\/ro\/team-member\/leonid-blyum\/\">Leonid<\/a> has read a book about children with autism, they were learning how to type and communicate, and they were asked about their experiences. A boy was screaming and went nuts in the classroom because 50 meters away there was continuously running water.<\/em><\/span><\/p>\n","protected":false},"excerpt":{"rendered":"<p>\u00cen ABC-ul ABR sunt explicate diferite subiecte. Acest articol v\u0103 ofer\u0103 c\u00e2teva perspective despre autism \u0219i despre modul \u00een care func\u021bioneaz\u0103 creierul \u00een general. <\/p>\n","protected":false},"author":6,"featured_media":18974,"comment_status":"closed","ping_status":"closed","sticky":false,"template":"","format":"standard","meta":{"_exactmetrics_skip_tracking":false,"_exactmetrics_sitenote_active":false,"_exactmetrics_sitenote_note":"","_exactmetrics_sitenote_category":0,"footnotes":""},"categories":[630],"tags":[654,319,701,656,327,326],"class_list":["post-23355","post","type-post","status-publish","format-standard","has-post-thumbnail","hentry","category-expertiza","tag-abc-ro","tag-abr-ro","tag-autism-ro","tag-creier","tag-cerebral-palsy-ro","tag-abr-therapy-ro"],"yoast_head":"<!-- This site is optimized with the Yoast SEO plugin v26.9 - https:\/\/yoast.com\/product\/yoast-seo-wordpress\/ -->\n<title>ABC-ul ABR - A - Autism \u0219i cum func\u021bioneaz\u0103 creierul - ABR Therapy<\/title>\n<meta name=\"description\" content=\"Ceea ce este special la copiii cu autism este c\u0103 \u00een multe zone, t\u0103ierea nu are loc. Sunt la fel de \u00eencol\u021bi\u021bi ca bebelu\u0219ii. De aceea pot avea super-puteri senzoriale.\" \/>\n<meta name=\"robots\" content=\"index, follow, max-snippet:-1, max-image-preview:large, max-video-preview:-1\" \/>\n<link rel=\"canonical\" href=\"https:\/\/abrtherapy.com\/ro\/abc-ul-abr-a-autism-si-cum-functioneaza-creierul\/\" \/>\n<meta property=\"og:locale\" content=\"ro_RO\" \/>\n<meta property=\"og:type\" content=\"article\" \/>\n<meta property=\"og:title\" content=\"ABC-ul ABR - A - Autism \u0219i cum func\u021bioneaz\u0103 creierul - ABR Therapy\" \/>\n<meta property=\"og:description\" content=\"Ceea ce este special la copiii cu autism este c\u0103 \u00een multe zone, t\u0103ierea nu are loc. Sunt la fel de \u00eencol\u021bi\u021bi ca bebelu\u0219ii. De aceea pot avea super-puteri senzoriale.\" \/>\n<meta property=\"og:url\" content=\"https:\/\/abrtherapy.com\/ro\/abc-ul-abr-a-autism-si-cum-functioneaza-creierul\/\" \/>\n<meta property=\"og:site_name\" content=\"ABR Therapy\" \/>\n<meta property=\"article:published_time\" content=\"2020-03-01T10:20:10+00:00\" \/>\n<meta property=\"article:modified_time\" content=\"2023-06-05T08:33:39+00:00\" \/>\n<meta property=\"og:image\" content=\"https:\/\/abrtherapy.com\/wp-content\/uploads\/2020\/03\/ABCfromABR_Tekengebied-1-kopie-3-1.png\" \/>\n\t<meta property=\"og:image:width\" content=\"500\" \/>\n\t<meta property=\"og:image:height\" content=\"500\" \/>\n\t<meta property=\"og:image:type\" content=\"image\/png\" \/>\n<meta name=\"author\" content=\"Carolien\" \/>\n<meta name=\"twitter:card\" content=\"summary_large_image\" \/>\n<meta name=\"twitter:label1\" content=\"Scris de\" \/>\n\t<meta name=\"twitter:data1\" content=\"Carolien\" \/>\n\t<meta name=\"twitter:label2\" content=\"Timp estimat pentru citire\" \/>\n\t<meta name=\"twitter:data2\" content=\"2 minute\" \/>\n<script type=\"application\/ld+json\" class=\"yoast-schema-graph\">{\"@context\":\"https:\/\/schema.org\",\"@graph\":[{\"@type\":\"Article\",\"@id\":\"https:\/\/abrtherapy.com\/ro\/abc-ul-abr-a-autism-si-cum-functioneaza-creierul\/#article\",\"isPartOf\":{\"@id\":\"https:\/\/abrtherapy.com\/ro\/abc-ul-abr-a-autism-si-cum-functioneaza-creierul\/\"},\"author\":{\"name\":\"Carolien\",\"@id\":\"https:\/\/abrtherapy.com\/#\/schema\/person\/8a3f956772ad6ffda3fff0796d8b431c\"},\"headline\":\"ABC-ul ABR &#8211; A &#8211; Autism \u0219i cum func\u021bioneaz\u0103 creierul\",\"datePublished\":\"2020-03-01T10:20:10+00:00\",\"dateModified\":\"2023-06-05T08:33:39+00:00\",\"mainEntityOfPage\":{\"@id\":\"https:\/\/abrtherapy.com\/ro\/abc-ul-abr-a-autism-si-cum-functioneaza-creierul\/\"},\"wordCount\":337,\"image\":{\"@id\":\"https:\/\/abrtherapy.com\/ro\/abc-ul-abr-a-autism-si-cum-functioneaza-creierul\/#primaryimage\"},\"thumbnailUrl\":\"https:\/\/abrtherapy.com\/wp-content\/uploads\/2020\/03\/ABCfromABR_Tekengebied-1-kopie-3-1.png\",\"keywords\":[\"ABC\",\"ABR\",\"Autism\",\"Creier\",\"paralizie cerebral\u0103\",\"Terapia ABR\"],\"articleSection\":[\"Expertiz\u0103\"],\"inLanguage\":\"ro-RO\"},{\"@type\":\"WebPage\",\"@id\":\"https:\/\/abrtherapy.com\/ro\/abc-ul-abr-a-autism-si-cum-functioneaza-creierul\/\",\"url\":\"https:\/\/abrtherapy.com\/ro\/abc-ul-abr-a-autism-si-cum-functioneaza-creierul\/\",\"name\":\"ABC-ul ABR - A - Autism \u0219i cum func\u021bioneaz\u0103 creierul - ABR Therapy\",\"isPartOf\":{\"@id\":\"https:\/\/abrtherapy.com\/#website\"},\"primaryImageOfPage\":{\"@id\":\"https:\/\/abrtherapy.com\/ro\/abc-ul-abr-a-autism-si-cum-functioneaza-creierul\/#primaryimage\"},\"image\":{\"@id\":\"https:\/\/abrtherapy.com\/ro\/abc-ul-abr-a-autism-si-cum-functioneaza-creierul\/#primaryimage\"},\"thumbnailUrl\":\"https:\/\/abrtherapy.com\/wp-content\/uploads\/2020\/03\/ABCfromABR_Tekengebied-1-kopie-3-1.png\",\"datePublished\":\"2020-03-01T10:20:10+00:00\",\"dateModified\":\"2023-06-05T08:33:39+00:00\",\"author\":{\"@id\":\"https:\/\/abrtherapy.com\/#\/schema\/person\/8a3f956772ad6ffda3fff0796d8b431c\"},\"description\":\"Ceea ce este special la copiii cu autism este c\u0103 \u00een multe zone, t\u0103ierea nu are loc. Sunt la fel de \u00eencol\u021bi\u021bi ca bebelu\u0219ii. De aceea pot avea super-puteri senzoriale.\",\"breadcrumb\":{\"@id\":\"https:\/\/abrtherapy.com\/ro\/abc-ul-abr-a-autism-si-cum-functioneaza-creierul\/#breadcrumb\"},\"inLanguage\":\"ro-RO\",\"potentialAction\":[{\"@type\":\"ReadAction\",\"target\":[\"https:\/\/abrtherapy.com\/ro\/abc-ul-abr-a-autism-si-cum-functioneaza-creierul\/\"]}]},{\"@type\":\"ImageObject\",\"inLanguage\":\"ro-RO\",\"@id\":\"https:\/\/abrtherapy.com\/ro\/abc-ul-abr-a-autism-si-cum-functioneaza-creierul\/#primaryimage\",\"url\":\"https:\/\/abrtherapy.com\/wp-content\/uploads\/2020\/03\/ABCfromABR_Tekengebied-1-kopie-3-1.png\",\"contentUrl\":\"https:\/\/abrtherapy.com\/wp-content\/uploads\/2020\/03\/ABCfromABR_Tekengebied-1-kopie-3-1.png\",\"width\":500,\"height\":500,\"caption\":\"Autism\"},{\"@type\":\"BreadcrumbList\",\"@id\":\"https:\/\/abrtherapy.com\/ro\/abc-ul-abr-a-autism-si-cum-functioneaza-creierul\/#breadcrumb\",\"itemListElement\":[{\"@type\":\"ListItem\",\"position\":1,\"name\":\"Home\",\"item\":\"https:\/\/abrtherapy.com\/ro\/\"},{\"@type\":\"ListItem\",\"position\":2,\"name\":\"ABC-ul ABR &#8211; A &#8211; Autism \u0219i cum func\u021bioneaz\u0103 creierul\"}]},{\"@type\":\"WebSite\",\"@id\":\"https:\/\/abrtherapy.com\/#website\",\"url\":\"https:\/\/abrtherapy.com\/\",\"name\":\"ABR Therapy\",\"description\":\"Advanced Biomechanical Rehabilitation\",\"potentialAction\":[{\"@type\":\"SearchAction\",\"target\":{\"@type\":\"EntryPoint\",\"urlTemplate\":\"https:\/\/abrtherapy.com\/?s={search_term_string}\"},\"query-input\":{\"@type\":\"PropertyValueSpecification\",\"valueRequired\":true,\"valueName\":\"search_term_string\"}}],\"inLanguage\":\"ro-RO\"},{\"@type\":\"Person\",\"@id\":\"https:\/\/abrtherapy.com\/#\/schema\/person\/8a3f956772ad6ffda3fff0796d8b431c\",\"name\":\"Carolien\",\"image\":{\"@type\":\"ImageObject\",\"inLanguage\":\"ro-RO\",\"@id\":\"https:\/\/abrtherapy.com\/#\/schema\/person\/image\/\",\"url\":\"https:\/\/secure.gravatar.com\/avatar\/0f1eba1010056e403e998eb24d09e27fa66696e6967607b0277f9364f690036f?s=96&d=mm&r=g\",\"contentUrl\":\"https:\/\/secure.gravatar.com\/avatar\/0f1eba1010056e403e998eb24d09e27fa66696e6967607b0277f9364f690036f?s=96&d=mm&r=g\",\"caption\":\"Carolien\"},\"url\":\"https:\/\/abrtherapy.com\/ro\/author\/carolien\/\"}]}<\/script>\n<!-- \/ Yoast SEO plugin. -->","yoast_head_json":{"title":"ABC-ul ABR - A - Autism \u0219i cum func\u021bioneaz\u0103 creierul - ABR Therapy","description":"Ceea ce este special la copiii cu autism este c\u0103 \u00een multe zone, t\u0103ierea nu are loc. Sunt la fel de \u00eencol\u021bi\u021bi ca bebelu\u0219ii. De aceea pot avea super-puteri senzoriale.","robots":{"index":"index","follow":"follow","max-snippet":"max-snippet:-1","max-image-preview":"max-image-preview:large","max-video-preview":"max-video-preview:-1"},"canonical":"https:\/\/abrtherapy.com\/ro\/abc-ul-abr-a-autism-si-cum-functioneaza-creierul\/","og_locale":"ro_RO","og_type":"article","og_title":"ABC-ul ABR - A - Autism \u0219i cum func\u021bioneaz\u0103 creierul - ABR Therapy","og_description":"Ceea ce este special la copiii cu autism este c\u0103 \u00een multe zone, t\u0103ierea nu are loc. Sunt la fel de \u00eencol\u021bi\u021bi ca bebelu\u0219ii. De aceea pot avea super-puteri senzoriale.","og_url":"https:\/\/abrtherapy.com\/ro\/abc-ul-abr-a-autism-si-cum-functioneaza-creierul\/","og_site_name":"ABR Therapy","article_published_time":"2020-03-01T10:20:10+00:00","article_modified_time":"2023-06-05T08:33:39+00:00","og_image":[{"width":500,"height":500,"url":"https:\/\/abrtherapy.com\/wp-content\/uploads\/2020\/03\/ABCfromABR_Tekengebied-1-kopie-3-1.png","type":"image\/png"}],"author":"Carolien","twitter_card":"summary_large_image","twitter_misc":{"Scris de":"Carolien","Timp estimat pentru citire":"2 minute"},"schema":{"@context":"https:\/\/schema.org","@graph":[{"@type":"Article","@id":"https:\/\/abrtherapy.com\/ro\/abc-ul-abr-a-autism-si-cum-functioneaza-creierul\/#article","isPartOf":{"@id":"https:\/\/abrtherapy.com\/ro\/abc-ul-abr-a-autism-si-cum-functioneaza-creierul\/"},"author":{"name":"Carolien","@id":"https:\/\/abrtherapy.com\/#\/schema\/person\/8a3f956772ad6ffda3fff0796d8b431c"},"headline":"ABC-ul ABR &#8211; A &#8211; Autism \u0219i cum func\u021bioneaz\u0103 creierul","datePublished":"2020-03-01T10:20:10+00:00","dateModified":"2023-06-05T08:33:39+00:00","mainEntityOfPage":{"@id":"https:\/\/abrtherapy.com\/ro\/abc-ul-abr-a-autism-si-cum-functioneaza-creierul\/"},"wordCount":337,"image":{"@id":"https:\/\/abrtherapy.com\/ro\/abc-ul-abr-a-autism-si-cum-functioneaza-creierul\/#primaryimage"},"thumbnailUrl":"https:\/\/abrtherapy.com\/wp-content\/uploads\/2020\/03\/ABCfromABR_Tekengebied-1-kopie-3-1.png","keywords":["ABC","ABR","Autism","Creier","paralizie cerebral\u0103","Terapia ABR"],"articleSection":["Expertiz\u0103"],"inLanguage":"ro-RO"},{"@type":"WebPage","@id":"https:\/\/abrtherapy.com\/ro\/abc-ul-abr-a-autism-si-cum-functioneaza-creierul\/","url":"https:\/\/abrtherapy.com\/ro\/abc-ul-abr-a-autism-si-cum-functioneaza-creierul\/","name":"ABC-ul ABR - A - Autism \u0219i cum func\u021bioneaz\u0103 creierul - ABR Therapy","isPartOf":{"@id":"https:\/\/abrtherapy.com\/#website"},"primaryImageOfPage":{"@id":"https:\/\/abrtherapy.com\/ro\/abc-ul-abr-a-autism-si-cum-functioneaza-creierul\/#primaryimage"},"image":{"@id":"https:\/\/abrtherapy.com\/ro\/abc-ul-abr-a-autism-si-cum-functioneaza-creierul\/#primaryimage"},"thumbnailUrl":"https:\/\/abrtherapy.com\/wp-content\/uploads\/2020\/03\/ABCfromABR_Tekengebied-1-kopie-3-1.png","datePublished":"2020-03-01T10:20:10+00:00","dateModified":"2023-06-05T08:33:39+00:00","author":{"@id":"https:\/\/abrtherapy.com\/#\/schema\/person\/8a3f956772ad6ffda3fff0796d8b431c"},"description":"Ceea ce este special la copiii cu autism este c\u0103 \u00een multe zone, t\u0103ierea nu are loc. Sunt la fel de \u00eencol\u021bi\u021bi ca bebelu\u0219ii. De aceea pot avea super-puteri senzoriale.","breadcrumb":{"@id":"https:\/\/abrtherapy.com\/ro\/abc-ul-abr-a-autism-si-cum-functioneaza-creierul\/#breadcrumb"},"inLanguage":"ro-RO","potentialAction":[{"@type":"ReadAction","target":["https:\/\/abrtherapy.com\/ro\/abc-ul-abr-a-autism-si-cum-functioneaza-creierul\/"]}]},{"@type":"ImageObject","inLanguage":"ro-RO","@id":"https:\/\/abrtherapy.com\/ro\/abc-ul-abr-a-autism-si-cum-functioneaza-creierul\/#primaryimage","url":"https:\/\/abrtherapy.com\/wp-content\/uploads\/2020\/03\/ABCfromABR_Tekengebied-1-kopie-3-1.png","contentUrl":"https:\/\/abrtherapy.com\/wp-content\/uploads\/2020\/03\/ABCfromABR_Tekengebied-1-kopie-3-1.png","width":500,"height":500,"caption":"Autism"},{"@type":"BreadcrumbList","@id":"https:\/\/abrtherapy.com\/ro\/abc-ul-abr-a-autism-si-cum-functioneaza-creierul\/#breadcrumb","itemListElement":[{"@type":"ListItem","position":1,"name":"Home","item":"https:\/\/abrtherapy.com\/ro\/"},{"@type":"ListItem","position":2,"name":"ABC-ul ABR &#8211; A &#8211; Autism \u0219i cum func\u021bioneaz\u0103 creierul"}]},{"@type":"WebSite","@id":"https:\/\/abrtherapy.com\/#website","url":"https:\/\/abrtherapy.com\/","name":"ABR Therapy","description":"Advanced Biomechanical Rehabilitation","potentialAction":[{"@type":"SearchAction","target":{"@type":"EntryPoint","urlTemplate":"https:\/\/abrtherapy.com\/?s={search_term_string}"},"query-input":{"@type":"PropertyValueSpecification","valueRequired":true,"valueName":"search_term_string"}}],"inLanguage":"ro-RO"},{"@type":"Person","@id":"https:\/\/abrtherapy.com\/#\/schema\/person\/8a3f956772ad6ffda3fff0796d8b431c","name":"Carolien","image":{"@type":"ImageObject","inLanguage":"ro-RO","@id":"https:\/\/abrtherapy.com\/#\/schema\/person\/image\/","url":"https:\/\/secure.gravatar.com\/avatar\/0f1eba1010056e403e998eb24d09e27fa66696e6967607b0277f9364f690036f?s=96&d=mm&r=g","contentUrl":"https:\/\/secure.gravatar.com\/avatar\/0f1eba1010056e403e998eb24d09e27fa66696e6967607b0277f9364f690036f?s=96&d=mm&r=g","caption":"Carolien"},"url":"https:\/\/abrtherapy.com\/ro\/author\/carolien\/"}]}},"_links":{"self":[{"href":"https:\/\/abrtherapy.com\/ro\/wp-json\/wp\/v2\/posts\/23355","targetHints":{"allow":["GET"]}}],"collection":[{"href":"https:\/\/abrtherapy.com\/ro\/wp-json\/wp\/v2\/posts"}],"about":[{"href":"https:\/\/abrtherapy.com\/ro\/wp-json\/wp\/v2\/types\/post"}],"author":[{"embeddable":true,"href":"https:\/\/abrtherapy.com\/ro\/wp-json\/wp\/v2\/users\/6"}],"replies":[{"embeddable":true,"href":"https:\/\/abrtherapy.com\/ro\/wp-json\/wp\/v2\/comments?post=23355"}],"version-history":[{"count":5,"href":"https:\/\/abrtherapy.com\/ro\/wp-json\/wp\/v2\/posts\/23355\/revisions"}],"predecessor-version":[{"id":40172,"href":"https:\/\/abrtherapy.com\/ro\/wp-json\/wp\/v2\/posts\/23355\/revisions\/40172"}],"wp:featuredmedia":[{"embeddable":true,"href":"https:\/\/abrtherapy.com\/ro\/wp-json\/wp\/v2\/media\/18974"}],"wp:attachment":[{"href":"https:\/\/abrtherapy.com\/ro\/wp-json\/wp\/v2\/media?parent=23355"}],"wp:term":[{"taxonomy":"category","embeddable":true,"href":"https:\/\/abrtherapy.com\/ro\/wp-json\/wp\/v2\/categories?post=23355"},{"taxonomy":"post_tag","embeddable":true,"href":"https:\/\/abrtherapy.com\/ro\/wp-json\/wp\/v2\/tags?post=23355"}],"curies":[{"name":"wp","href":"https:\/\/api.w.org\/{rel}","templated":true}]}}