{"id":16217,"date":"2019-05-01T16:27:34","date_gmt":"2019-05-01T14:27:34","guid":{"rendered":"https:\/\/abrtherapy.com\/geen-onderdeel-van-een-categorie\/abr-and-physiotherapy\/"},"modified":"2022-03-30T19:17:54","modified_gmt":"2022-03-30T17:17:54","slug":"metoda-abr-si-fizioterapia","status":"publish","type":"post","link":"https:\/\/abrtherapy.com\/ro\/metoda-abr-si-fizioterapia\/","title":{"rendered":"ABR \u0219i kinetoterapie, combina\u021bie posibil\u0103 sau imposibil\u0103?"},"content":{"rendered":"<p>&nbsp;<\/p>\n<p><img decoding=\"async\" class=\"alignnone size-medium wp-image-15245\" src=\"https:\/\/abrtherapy.com\/wp-content\/uploads\/2018\/11\/blogfoto-Roeland-300x200.jpeg\" alt=\"\" width=\"150\" height=\"150\" srcset=\"https:\/\/abrtherapy.com\/wp-content\/uploads\/2018\/11\/blogfoto-Roeland-150x150.jpeg 150w, https:\/\/abrtherapy.com\/wp-content\/uploads\/2018\/11\/blogfoto-Roeland-550x550.jpeg 550w\" sizes=\"(max-width: 150px) 100vw, 150px\" \/><br \/>\n<em>Autor: Roeland Vollaard, kinetoterapeut din Alkmaar, Olanda.<\/em><\/p>\n<p>&nbsp;<\/p>\n<p>Pentru mine, ca fost kinetoterapeut, \u00eentrebarea de mai sus este interesant\u0103 \u0219i apare \u00een mod regulat. Valoarea conceptului ABR este clar vizibil\u0103 pentru kinetoterapeu\u021bii de la \u201eClasa pe ro\u021bi\u201d, dar nu este \u00eenc\u0103 clar cum se leag\u0103 acest lucru cu modul lor actual de lucru. P\u00e2n\u0103 acum, uneori, p\u0103rea un conflict \u00eentre cele dou\u0103 strategii de tratament.<\/p>\n<h2>ABR \u0219i physio?<\/h2>\n<p>Ini\u021biatorul ABR, <a href=\"https:\/\/abrtherapy.com\/ro\/team-member\/leonid-blyum\/\">Leonid Blyum<\/a> , investigheaz\u0103 continuu toate domeniile \u0219i conceptele de reabilitare, biomecanica \u0219i cercetarea \u0219tiin\u021bific\u0103 a \u021besutului conjunctiv \u0219i a altor \u021besuturi ale corpului. A ap\u0103rut o teorie care arat\u0103 clar unde combina\u021bia dintre ABR \u0219i fizioterapie pare s\u0103 se ciocneasc\u0103, unde ar putea fi justificat\u0103 \u0219i unde poate s\u0103 nu fie necesar\u0103.<br \/>\nTeoria lui Leonid se bazeaz\u0103 pe conceptele \u201eTonus <a href=\"https:\/\/en.wikipedia.org\/wiki\/Muscle_tone\">muscular<\/a> \u00een repaus\u201d, \u201ePreg\u0103tire \u00eenainte de mi\u0219care\u201d \u0219i \u201ePreg\u0103tire pre-muscular\u0103\u201d.<br \/>\n\u00cen\u021beleg c\u0103 acest lucru s-ar putea s\u0103 te sperie, dar din fericire nu este necesar ca acest articol s\u0103 discute \u00een detaliu ace\u0219ti termeni.<br \/>\nVoi \u00eencerca s\u0103 r\u0103m\u00e2n simplu, f\u0103r\u0103 a schimba con\u021binutul.<\/p>\n<h2>A\u0219teptare<\/h2>\n<p><img decoding=\"async\" class=\" wp-image-16130 alignleft\" src=\"https:\/\/abrtherapy.com\/wp-content\/uploads\/2019\/06\/StandbyButton-Lauren-300x300.png\" alt=\"\" width=\"130\" height=\"130\" srcset=\"https:\/\/abrtherapy.com\/wp-content\/uploads\/2019\/06\/StandbyButton-Lauren-300x300.png 300w, https:\/\/abrtherapy.com\/wp-content\/uploads\/2019\/06\/StandbyButton-Lauren-150x150.png 150w, https:\/\/abrtherapy.com\/wp-content\/uploads\/2019\/06\/StandbyButton-Lauren-768x767.png 768w, https:\/\/abrtherapy.com\/wp-content\/uploads\/2019\/06\/StandbyButton-Lauren-550x550.png 550w, https:\/\/abrtherapy.com\/wp-content\/uploads\/2019\/06\/StandbyButton-Lauren.png 961w\" sizes=\"(max-width: 130px) 100vw, 130px\" \/>\u00cel po\u021bi compara cu \u201ebutonul de a\u0219teptare\u201d al televizorului t\u0103u. Acesta este proiectat astfel \u00eenc\u00e2t de fiecare dat\u0103 c\u00e2nd dori\u021bi s\u0103 utiliza\u021bi televizorul s\u0103 nu trebuie s\u0103 a\u0219tepta\u021bi at\u00e2t de mult \u00eenainte ca totul s\u0103 porneasc\u0103. Pentru c\u0103 pornirea din pozi\u021bia \u201eoff\u201d poate dura uneori mult timp.<\/p>\n<p>Dac\u0103, \u00een schimb, la\u0219i televizorul \u00een standby dup\u0103 utilizare, trebuie doar s\u0103 dai clic pe televizor \u0219i serialul t\u0103u preferat va \u00eencepe imediat.<\/p>\n<p>&nbsp;<\/p>\n<p>\u00cen cazul corpului nostru, se aplic\u0103 \u0219i acest concept de \u201estandby\u201d \u0219i \u201eac\u021biune\u201d. C\u00e2nd st\u0103m \u00eentin\u0219i, st\u0103m sau st\u0103m \u00een picioare, facem acest lucru cu un efort minim. Abia atunci c\u00e2nd \u00eencepem cu adev\u0103rat s\u0103 ne mi\u0219c\u0103m, ne vom activa mu\u0219chii mai intens. Din modul standby, trecem \u00een modul activ. Acest lucru func\u021bioneaz\u0103 pentru persoanele care func\u021bioneaz\u0103 bine din punct de vedere fizic. Pentru ei, sunt suficient de prezente condi\u021biile pentru a sta sau sta \u00een picioare \u00een modul de a\u0219teptare. Nu folosesc energie inutil\u0103 pentru standby, iar trecerea la activitate decurge f\u0103r\u0103 probleme.<\/p>\n<h2>Ce se \u00eent\u00e2mpl\u0103 dac\u0103 nu func\u021bioneaz\u0103 corect?<\/h2>\n<p>Cu toate acestea, exist\u0103 \u0219i persoane al c\u0103ror mod de a\u0219teptare nu func\u021bioneaz\u0103 corect. Pentru ei, culcarea sau \u0219ezutul vine cu o tensiune muscular\u0103 prea mare. Este dificil s\u0103 faci lucrurile s\u0103 se mi\u0219te din aceast\u0103 situa\u021bie. \u00cen alte cazuri, ar putea exista prea pu\u021bin\u0103 tensiune muscular\u0103 \u0219i atunci este, de asemenea, foarte dificil sau imposibil s\u0103 te mi\u0219ti.<br \/>\n\u00cenainte de a putea efectua o mi\u0219care lin\u0103 \u0219i bine controlat\u0103, ave\u021bi nevoie de o pozi\u021bie bun\u0103 de pornire. Doar dac\u0103 exist\u0103 o situa\u021bie bun\u0103 de a\u0219teptare (\u201egata pentru pornire\u201d) o mi\u0219care poate fi ini\u021biat\u0103. \u0218i aceast\u0103 mi\u0219care poate fi \u00eembun\u0103t\u0103\u021bit\u0103 \u0219i mai mult prin practic\u0103.<\/p>\n<h2>Ce poate face ABR?<\/h2>\n<p>ABR lucreaz\u0103 \u00een condi\u021biile pozi\u021biei de a\u0219teptare a corpului. Kinetoterapie are ca scop stimularea \u0219i \u00eembun\u0103t\u0103\u021birea func\u021biilor. Deci, ABR creeaz\u0103 condi\u021bii mai bune pentru ceea ce kinetoterapie vrea s\u0103 ob\u021bin\u0103. Exist\u0103 o contradic\u021bie aparent\u0103 \u00eentre ABR \u0219i fizioterapie. ABR \u00ee\u0219i propune s\u0103 limiteze timpul \u0219i efortul investit \u00een preg\u0103tirea func\u021bional\u0103 at\u00e2ta timp c\u00e2t condi\u021biile de standby la copil sunt precare. Acesta este cazul multor copii cu paralizie cerebral\u0103 de nivel 4 \u0219i 5. ABR considera ca este mai bine ca acesti copii sa foloseasca toata energia disponibila pentru a imbunatati conditiile situatiei de stand-by si sa treaca la antrenamentul functional abia dupa ce au indeplinit acele conditii bune de standby.<\/p>\n<p>&nbsp;<\/p>\n<p><img fetchpriority=\"high\" decoding=\"async\" class=\" wp-image-16137 aligncenter\" src=\"https:\/\/abrtherapy.com\/wp-content\/uploads\/2019\/06\/Schema-Lauren-300x105.png\" alt=\"\" width=\"560\" height=\"196\" srcset=\"https:\/\/abrtherapy.com\/wp-content\/uploads\/2019\/06\/Schema-Lauren-300x105.png 300w, https:\/\/abrtherapy.com\/wp-content\/uploads\/2019\/06\/Schema-Lauren-768x269.png 768w, https:\/\/abrtherapy.com\/wp-content\/uploads\/2019\/06\/Schema-Lauren-1024x359.png 1024w, https:\/\/abrtherapy.com\/wp-content\/uploads\/2019\/06\/Schema-Lauren.png 1280w\" sizes=\"(max-width: 560px) 100vw, 560px\" \/><\/p>\n<p>&nbsp;<\/p>\n<p>\u00cen imaginea de mai sus vede\u021bi focalizarea ABR \u00een zona albastr\u0103 (fascia) \u0219i focalizarea fizioterapiei \u00een zona galben\u0103 (mi\u0219care activ\u0103). \u00cen partea care se suprapune (\u00een a\u0219teptare) este nevoie de o bun\u0103 coordonare despre cine lucreaz\u0103 la ce \u0219i de ce. Mi se pare c\u0103 acest lucru este realizabil.<\/p>\n<p>Roeland Vollaard<br \/>\nroeland@roelandhelpt.nl<\/p>\n","protected":false},"excerpt":{"rendered":"<p>Roeland Vollaard, un fost kinetoterapeut, vorbe\u0219te despre combina\u021bia dintre ABR \u0219i fizioterapie. <\/p>\n","protected":false},"author":6,"featured_media":16123,"comment_status":"closed","ping_status":"closed","sticky":false,"template":"","format":"standard","meta":{"_exactmetrics_skip_tracking":false,"_exactmetrics_sitenote_active":false,"_exactmetrics_sitenote_note":"","_exactmetrics_sitenote_category":0,"footnotes":""},"categories":[604],"tags":[319,320,487,488,327,326],"class_list":["post-16217","post","type-post","status-publish","format-standard","has-post-thumbnail","hentry","category-autor","tag-abr-ro","tag-abr-philosophy-ro","tag-physio-ro","tag-physiotherapy-ro","tag-cerebral-palsy-ro","tag-abr-therapy-ro"],"yoast_head":"<!-- This site is optimized with the Yoast SEO plugin v26.9 - https:\/\/yoast.com\/product\/yoast-seo-wordpress\/ -->\n<title>ABR \u0219i kinetoterapie, combina\u021bie posibil\u0103 sau imposibil\u0103? - ABR Therapy<\/title>\n<meta name=\"description\" content=\"ABR \u0219i kinetoterapie, o combina\u021bie posibil\u0103 sau imposibil\u0103? ABR lucreaz\u0103 \u00een condi\u021biile pozi\u021biei de a\u0219teptare a corpului.\" \/>\n<meta name=\"robots\" content=\"index, follow, max-snippet:-1, max-image-preview:large, max-video-preview:-1\" \/>\n<link rel=\"canonical\" href=\"https:\/\/abrtherapy.com\/ro\/metoda-abr-si-fizioterapia\/\" \/>\n<meta property=\"og:locale\" content=\"ro_RO\" \/>\n<meta property=\"og:type\" content=\"article\" \/>\n<meta property=\"og:title\" content=\"ABR \u0219i kinetoterapie, combina\u021bie posibil\u0103 sau imposibil\u0103? - ABR Therapy\" \/>\n<meta property=\"og:description\" content=\"ABR \u0219i kinetoterapie, o combina\u021bie posibil\u0103 sau imposibil\u0103? ABR lucreaz\u0103 \u00een condi\u021biile pozi\u021biei de a\u0219teptare a corpului.\" \/>\n<meta property=\"og:url\" content=\"https:\/\/abrtherapy.com\/ro\/metoda-abr-si-fizioterapia\/\" \/>\n<meta property=\"og:site_name\" content=\"ABR Therapy\" \/>\n<meta property=\"article:published_time\" content=\"2019-05-01T14:27:34+00:00\" \/>\n<meta property=\"article:modified_time\" content=\"2022-03-30T17:17:54+00:00\" \/>\n<meta property=\"og:image\" content=\"https:\/\/abrtherapy.com\/wp-content\/uploads\/2019\/06\/closeup-connection-heart-bewerkt-e1563352887446.jpg\" \/>\n\t<meta property=\"og:image:width\" content=\"500\" \/>\n\t<meta property=\"og:image:height\" content=\"398\" \/>\n\t<meta property=\"og:image:type\" content=\"image\/jpeg\" \/>\n<meta name=\"author\" content=\"Carolien\" \/>\n<meta name=\"twitter:card\" content=\"summary_large_image\" \/>\n<meta name=\"twitter:label1\" content=\"Scris de\" \/>\n\t<meta name=\"twitter:data1\" content=\"Carolien\" \/>\n\t<meta name=\"twitter:label2\" content=\"Timp estimat pentru citire\" \/>\n\t<meta name=\"twitter:data2\" content=\"4 minute\" \/>\n<script type=\"application\/ld+json\" class=\"yoast-schema-graph\">{\"@context\":\"https:\/\/schema.org\",\"@graph\":[{\"@type\":\"Article\",\"@id\":\"https:\/\/abrtherapy.com\/ro\/metoda-abr-si-fizioterapia\/#article\",\"isPartOf\":{\"@id\":\"https:\/\/abrtherapy.com\/ro\/metoda-abr-si-fizioterapia\/\"},\"author\":{\"name\":\"Carolien\",\"@id\":\"https:\/\/abrtherapy.com\/#\/schema\/person\/8a3f956772ad6ffda3fff0796d8b431c\"},\"headline\":\"ABR \u0219i kinetoterapie, combina\u021bie posibil\u0103 sau imposibil\u0103?\",\"datePublished\":\"2019-05-01T14:27:34+00:00\",\"dateModified\":\"2022-03-30T17:17:54+00:00\",\"mainEntityOfPage\":{\"@id\":\"https:\/\/abrtherapy.com\/ro\/metoda-abr-si-fizioterapia\/\"},\"wordCount\":711,\"image\":{\"@id\":\"https:\/\/abrtherapy.com\/ro\/metoda-abr-si-fizioterapia\/#primaryimage\"},\"thumbnailUrl\":\"https:\/\/abrtherapy.com\/wp-content\/uploads\/2019\/06\/closeup-connection-heart-bewerkt-e1563352887446.jpg\",\"keywords\":[\"ABR\",\"Filosofia ABR\",\"Fizioterapie\",\"Fizioterapie\",\"paralizie cerebral\u0103\",\"Terapia ABR\"],\"articleSection\":[\"Autori invita\u021bi\"],\"inLanguage\":\"ro-RO\"},{\"@type\":\"WebPage\",\"@id\":\"https:\/\/abrtherapy.com\/ro\/metoda-abr-si-fizioterapia\/\",\"url\":\"https:\/\/abrtherapy.com\/ro\/metoda-abr-si-fizioterapia\/\",\"name\":\"ABR \u0219i kinetoterapie, combina\u021bie posibil\u0103 sau imposibil\u0103? - ABR Therapy\",\"isPartOf\":{\"@id\":\"https:\/\/abrtherapy.com\/#website\"},\"primaryImageOfPage\":{\"@id\":\"https:\/\/abrtherapy.com\/ro\/metoda-abr-si-fizioterapia\/#primaryimage\"},\"image\":{\"@id\":\"https:\/\/abrtherapy.com\/ro\/metoda-abr-si-fizioterapia\/#primaryimage\"},\"thumbnailUrl\":\"https:\/\/abrtherapy.com\/wp-content\/uploads\/2019\/06\/closeup-connection-heart-bewerkt-e1563352887446.jpg\",\"datePublished\":\"2019-05-01T14:27:34+00:00\",\"dateModified\":\"2022-03-30T17:17:54+00:00\",\"author\":{\"@id\":\"https:\/\/abrtherapy.com\/#\/schema\/person\/8a3f956772ad6ffda3fff0796d8b431c\"},\"description\":\"ABR \u0219i kinetoterapie, o combina\u021bie posibil\u0103 sau imposibil\u0103? ABR lucreaz\u0103 \u00een condi\u021biile pozi\u021biei de a\u0219teptare a corpului.\",\"breadcrumb\":{\"@id\":\"https:\/\/abrtherapy.com\/ro\/metoda-abr-si-fizioterapia\/#breadcrumb\"},\"inLanguage\":\"ro-RO\",\"potentialAction\":[{\"@type\":\"ReadAction\",\"target\":[\"https:\/\/abrtherapy.com\/ro\/metoda-abr-si-fizioterapia\/\"]}]},{\"@type\":\"ImageObject\",\"inLanguage\":\"ro-RO\",\"@id\":\"https:\/\/abrtherapy.com\/ro\/metoda-abr-si-fizioterapia\/#primaryimage\",\"url\":\"https:\/\/abrtherapy.com\/wp-content\/uploads\/2019\/06\/closeup-connection-heart-bewerkt-e1563352887446.jpg\",\"contentUrl\":\"https:\/\/abrtherapy.com\/wp-content\/uploads\/2019\/06\/closeup-connection-heart-bewerkt-e1563352887446.jpg\",\"width\":500,\"height\":398,\"caption\":\"kinetoterapie ABR\"},{\"@type\":\"BreadcrumbList\",\"@id\":\"https:\/\/abrtherapy.com\/ro\/metoda-abr-si-fizioterapia\/#breadcrumb\",\"itemListElement\":[{\"@type\":\"ListItem\",\"position\":1,\"name\":\"Home\",\"item\":\"https:\/\/abrtherapy.com\/ro\/\"},{\"@type\":\"ListItem\",\"position\":2,\"name\":\"ABR \u0219i kinetoterapie, combina\u021bie posibil\u0103 sau imposibil\u0103?\"}]},{\"@type\":\"WebSite\",\"@id\":\"https:\/\/abrtherapy.com\/#website\",\"url\":\"https:\/\/abrtherapy.com\/\",\"name\":\"ABR Therapy\",\"description\":\"Advanced Biomechanical Rehabilitation\",\"potentialAction\":[{\"@type\":\"SearchAction\",\"target\":{\"@type\":\"EntryPoint\",\"urlTemplate\":\"https:\/\/abrtherapy.com\/?s={search_term_string}\"},\"query-input\":{\"@type\":\"PropertyValueSpecification\",\"valueRequired\":true,\"valueName\":\"search_term_string\"}}],\"inLanguage\":\"ro-RO\"},{\"@type\":\"Person\",\"@id\":\"https:\/\/abrtherapy.com\/#\/schema\/person\/8a3f956772ad6ffda3fff0796d8b431c\",\"name\":\"Carolien\",\"image\":{\"@type\":\"ImageObject\",\"inLanguage\":\"ro-RO\",\"@id\":\"https:\/\/abrtherapy.com\/#\/schema\/person\/image\/\",\"url\":\"https:\/\/secure.gravatar.com\/avatar\/0f1eba1010056e403e998eb24d09e27fa66696e6967607b0277f9364f690036f?s=96&d=mm&r=g\",\"contentUrl\":\"https:\/\/secure.gravatar.com\/avatar\/0f1eba1010056e403e998eb24d09e27fa66696e6967607b0277f9364f690036f?s=96&d=mm&r=g\",\"caption\":\"Carolien\"},\"url\":\"https:\/\/abrtherapy.com\/ro\/author\/carolien\/\"}]}<\/script>\n<!-- \/ Yoast SEO plugin. -->","yoast_head_json":{"title":"ABR \u0219i kinetoterapie, combina\u021bie posibil\u0103 sau imposibil\u0103? - ABR Therapy","description":"ABR \u0219i kinetoterapie, o combina\u021bie posibil\u0103 sau imposibil\u0103? ABR lucreaz\u0103 \u00een condi\u021biile pozi\u021biei de a\u0219teptare a corpului.","robots":{"index":"index","follow":"follow","max-snippet":"max-snippet:-1","max-image-preview":"max-image-preview:large","max-video-preview":"max-video-preview:-1"},"canonical":"https:\/\/abrtherapy.com\/ro\/metoda-abr-si-fizioterapia\/","og_locale":"ro_RO","og_type":"article","og_title":"ABR \u0219i kinetoterapie, combina\u021bie posibil\u0103 sau imposibil\u0103? - ABR Therapy","og_description":"ABR \u0219i kinetoterapie, o combina\u021bie posibil\u0103 sau imposibil\u0103? ABR lucreaz\u0103 \u00een condi\u021biile pozi\u021biei de a\u0219teptare a corpului.","og_url":"https:\/\/abrtherapy.com\/ro\/metoda-abr-si-fizioterapia\/","og_site_name":"ABR Therapy","article_published_time":"2019-05-01T14:27:34+00:00","article_modified_time":"2022-03-30T17:17:54+00:00","og_image":[{"width":500,"height":398,"url":"https:\/\/abrtherapy.com\/wp-content\/uploads\/2019\/06\/closeup-connection-heart-bewerkt-e1563352887446.jpg","type":"image\/jpeg"}],"author":"Carolien","twitter_card":"summary_large_image","twitter_misc":{"Scris de":"Carolien","Timp estimat pentru citire":"4 minute"},"schema":{"@context":"https:\/\/schema.org","@graph":[{"@type":"Article","@id":"https:\/\/abrtherapy.com\/ro\/metoda-abr-si-fizioterapia\/#article","isPartOf":{"@id":"https:\/\/abrtherapy.com\/ro\/metoda-abr-si-fizioterapia\/"},"author":{"name":"Carolien","@id":"https:\/\/abrtherapy.com\/#\/schema\/person\/8a3f956772ad6ffda3fff0796d8b431c"},"headline":"ABR \u0219i kinetoterapie, combina\u021bie posibil\u0103 sau imposibil\u0103?","datePublished":"2019-05-01T14:27:34+00:00","dateModified":"2022-03-30T17:17:54+00:00","mainEntityOfPage":{"@id":"https:\/\/abrtherapy.com\/ro\/metoda-abr-si-fizioterapia\/"},"wordCount":711,"image":{"@id":"https:\/\/abrtherapy.com\/ro\/metoda-abr-si-fizioterapia\/#primaryimage"},"thumbnailUrl":"https:\/\/abrtherapy.com\/wp-content\/uploads\/2019\/06\/closeup-connection-heart-bewerkt-e1563352887446.jpg","keywords":["ABR","Filosofia ABR","Fizioterapie","Fizioterapie","paralizie cerebral\u0103","Terapia ABR"],"articleSection":["Autori invita\u021bi"],"inLanguage":"ro-RO"},{"@type":"WebPage","@id":"https:\/\/abrtherapy.com\/ro\/metoda-abr-si-fizioterapia\/","url":"https:\/\/abrtherapy.com\/ro\/metoda-abr-si-fizioterapia\/","name":"ABR \u0219i kinetoterapie, combina\u021bie posibil\u0103 sau imposibil\u0103? - ABR Therapy","isPartOf":{"@id":"https:\/\/abrtherapy.com\/#website"},"primaryImageOfPage":{"@id":"https:\/\/abrtherapy.com\/ro\/metoda-abr-si-fizioterapia\/#primaryimage"},"image":{"@id":"https:\/\/abrtherapy.com\/ro\/metoda-abr-si-fizioterapia\/#primaryimage"},"thumbnailUrl":"https:\/\/abrtherapy.com\/wp-content\/uploads\/2019\/06\/closeup-connection-heart-bewerkt-e1563352887446.jpg","datePublished":"2019-05-01T14:27:34+00:00","dateModified":"2022-03-30T17:17:54+00:00","author":{"@id":"https:\/\/abrtherapy.com\/#\/schema\/person\/8a3f956772ad6ffda3fff0796d8b431c"},"description":"ABR \u0219i kinetoterapie, o combina\u021bie posibil\u0103 sau imposibil\u0103? ABR lucreaz\u0103 \u00een condi\u021biile pozi\u021biei de a\u0219teptare a corpului.","breadcrumb":{"@id":"https:\/\/abrtherapy.com\/ro\/metoda-abr-si-fizioterapia\/#breadcrumb"},"inLanguage":"ro-RO","potentialAction":[{"@type":"ReadAction","target":["https:\/\/abrtherapy.com\/ro\/metoda-abr-si-fizioterapia\/"]}]},{"@type":"ImageObject","inLanguage":"ro-RO","@id":"https:\/\/abrtherapy.com\/ro\/metoda-abr-si-fizioterapia\/#primaryimage","url":"https:\/\/abrtherapy.com\/wp-content\/uploads\/2019\/06\/closeup-connection-heart-bewerkt-e1563352887446.jpg","contentUrl":"https:\/\/abrtherapy.com\/wp-content\/uploads\/2019\/06\/closeup-connection-heart-bewerkt-e1563352887446.jpg","width":500,"height":398,"caption":"kinetoterapie ABR"},{"@type":"BreadcrumbList","@id":"https:\/\/abrtherapy.com\/ro\/metoda-abr-si-fizioterapia\/#breadcrumb","itemListElement":[{"@type":"ListItem","position":1,"name":"Home","item":"https:\/\/abrtherapy.com\/ro\/"},{"@type":"ListItem","position":2,"name":"ABR \u0219i kinetoterapie, combina\u021bie posibil\u0103 sau imposibil\u0103?"}]},{"@type":"WebSite","@id":"https:\/\/abrtherapy.com\/#website","url":"https:\/\/abrtherapy.com\/","name":"ABR Therapy","description":"Advanced Biomechanical Rehabilitation","potentialAction":[{"@type":"SearchAction","target":{"@type":"EntryPoint","urlTemplate":"https:\/\/abrtherapy.com\/?s={search_term_string}"},"query-input":{"@type":"PropertyValueSpecification","valueRequired":true,"valueName":"search_term_string"}}],"inLanguage":"ro-RO"},{"@type":"Person","@id":"https:\/\/abrtherapy.com\/#\/schema\/person\/8a3f956772ad6ffda3fff0796d8b431c","name":"Carolien","image":{"@type":"ImageObject","inLanguage":"ro-RO","@id":"https:\/\/abrtherapy.com\/#\/schema\/person\/image\/","url":"https:\/\/secure.gravatar.com\/avatar\/0f1eba1010056e403e998eb24d09e27fa66696e6967607b0277f9364f690036f?s=96&d=mm&r=g","contentUrl":"https:\/\/secure.gravatar.com\/avatar\/0f1eba1010056e403e998eb24d09e27fa66696e6967607b0277f9364f690036f?s=96&d=mm&r=g","caption":"Carolien"},"url":"https:\/\/abrtherapy.com\/ro\/author\/carolien\/"}]}},"_links":{"self":[{"href":"https:\/\/abrtherapy.com\/ro\/wp-json\/wp\/v2\/posts\/16217","targetHints":{"allow":["GET"]}}],"collection":[{"href":"https:\/\/abrtherapy.com\/ro\/wp-json\/wp\/v2\/posts"}],"about":[{"href":"https:\/\/abrtherapy.com\/ro\/wp-json\/wp\/v2\/types\/post"}],"author":[{"embeddable":true,"href":"https:\/\/abrtherapy.com\/ro\/wp-json\/wp\/v2\/users\/6"}],"replies":[{"embeddable":true,"href":"https:\/\/abrtherapy.com\/ro\/wp-json\/wp\/v2\/comments?post=16217"}],"version-history":[{"count":5,"href":"https:\/\/abrtherapy.com\/ro\/wp-json\/wp\/v2\/posts\/16217\/revisions"}],"predecessor-version":[{"id":38093,"href":"https:\/\/abrtherapy.com\/ro\/wp-json\/wp\/v2\/posts\/16217\/revisions\/38093"}],"wp:featuredmedia":[{"embeddable":true,"href":"https:\/\/abrtherapy.com\/ro\/wp-json\/wp\/v2\/media\/16123"}],"wp:attachment":[{"href":"https:\/\/abrtherapy.com\/ro\/wp-json\/wp\/v2\/media?parent=16217"}],"wp:term":[{"taxonomy":"category","embeddable":true,"href":"https:\/\/abrtherapy.com\/ro\/wp-json\/wp\/v2\/categories?post=16217"},{"taxonomy":"post_tag","embeddable":true,"href":"https:\/\/abrtherapy.com\/ro\/wp-json\/wp\/v2\/tags?post=16217"}],"curies":[{"name":"wp","href":"https:\/\/api.w.org\/{rel}","templated":true}]}}