{"id":23409,"date":"2019-04-01T16:00:48","date_gmt":"2019-04-01T14:00:48","guid":{"rendered":"https:\/\/abrtherapy.com\/nous-voulons-partager-notre-merveilleuse-histoire-avec-vous\/"},"modified":"2023-06-02T18:30:16","modified_gmt":"2023-06-02T16:30:16","slug":"nous-voulons-partager-notre-merveilleuse-histoire-avec-vous","status":"publish","type":"post","link":"https:\/\/abrtherapy.com\/fr\/nous-voulons-partager-notre-merveilleuse-histoire-avec-vous\/","title":{"rendered":"Nous voulons partager notre merveilleuse histoire avec vous!"},"content":{"rendered":"<p>Hello!<\/p>\n<p>My name is Charo, I live in Italy and I want to share our wonderful story with you.<br \/>\nA wonderful story, but it didn\u2019t start very well 16 years ago. Our son Diego was born with many problems: thachicardy, aneurisma and distonic tethraplegy. Initially, this was a bit shocking. As parents we didn\u2019t exactly know what to do, so we started working with all possible therapies that were available. We worked really hard from the beginning, 2 hours of intense training a day plus various visits to all kinds of specialists.<\/p>\n<h2>ABR<\/h2>\n<p>When Diego was nearly 4 years old, we had this strange feeling that despite the efforts, there was no real improvement. Even worse, we didn\u2019t see how this could ever change. Then we were extremely lucky to find out about ABR. Leonid Blyum told us many things we were never told before, it was an eye-opener to say the least. That\u2019s why we trusted ABR and started working. Knowing we were already working hard for 4 years, many hours a day without any results, we were wondering: would we finally see changes in Diego\u2019s respiration?<\/p>\n<h2>It worked!<\/h2>\n<p>And that\u2019s exactly what happened. After only 3 months of doing ABR, his respiration improved and the volume in his thorax changed visibly! For us, this was a confirmation of the validity of the therapy. We started to get to know Diego better than ever, because he started to open up. From this moment on, the mood in the whole family changed. Diego was improving, incredible!<br \/>\nMany years have passed but ABR stays our base and it still impresses me, just like in the beginning. There\u2019s always something new that I discover. The improvements Diego has made are similar to the improvements other parents describe. And the most important thing is that instead of the previous descending path, he\u2019s going the opposite way. The less physical dysfunctions, the more I can see his involvement and participation in our family life. His alertness became impressive and he enjoys his life.<\/p>\n<p>That\u2019s why I call it a wonderful story. Diego is our teacher now, we work and he responds. He is doing very well and the results give him the opportunity to interact more and more with the surrounding world.<\/p>\n<p>I\u2019m very, very thankful to ABR and to the whole team for what they are doing!<\/p>\n","protected":false},"excerpt":{"rendered":"<p>Je m&rsquo;appelle Charo, maman de Diego et je veux partager avec vous notre merveilleuse histoire.<\/p>\n","protected":false},"author":6,"featured_media":15939,"comment_status":"closed","ping_status":"closed","sticky":false,"template":"","format":"standard","meta":{"_exactmetrics_skip_tracking":false,"_exactmetrics_sitenote_active":false,"_exactmetrics_sitenote_note":"","_exactmetrics_sitenote_category":0,"footnotes":""},"categories":[387],"tags":[281,479,528,353],"class_list":["post-23409","post","type-post","status-publish","format-standard","has-post-thumbnail","hentry","category-temoignages","tag-abr-fr","tag-cerebral-palsy-fr","tag-testimonial-fr","tag-abr-therapy-fr"],"yoast_head":"<!-- This site is optimized with the Yoast SEO plugin v26.9 - https:\/\/yoast.com\/product\/yoast-seo-wordpress\/ -->\n<title>Nous voulons partager notre merveilleuse histoire avec vous! - ABR Therapy<\/title>\n<meta name=\"robots\" content=\"index, follow, max-snippet:-1, max-image-preview:large, max-video-preview:-1\" \/>\n<link rel=\"canonical\" href=\"https:\/\/abrtherapy.com\/fr\/nous-voulons-partager-notre-merveilleuse-histoire-avec-vous\/\" \/>\n<meta property=\"og:locale\" content=\"fr_FR\" \/>\n<meta property=\"og:type\" content=\"article\" \/>\n<meta property=\"og:title\" content=\"Nous voulons partager notre merveilleuse histoire avec vous! - ABR Therapy\" \/>\n<meta property=\"og:description\" content=\"Je m&#039;appelle Charo, maman de Diego et je veux partager avec vous notre merveilleuse histoire.\" \/>\n<meta property=\"og:url\" content=\"https:\/\/abrtherapy.com\/fr\/nous-voulons-partager-notre-merveilleuse-histoire-avec-vous\/\" \/>\n<meta property=\"og:site_name\" content=\"ABR Therapy\" \/>\n<meta property=\"article:published_time\" content=\"2019-04-01T14:00:48+00:00\" \/>\n<meta property=\"article:modified_time\" content=\"2023-06-02T16:30:16+00:00\" \/>\n<meta property=\"og:image\" content=\"https:\/\/abrtherapy.com\/wp-content\/uploads\/2019\/05\/Family-photo-Alex-Charo-and-Diego-TO-USE-1.jpeg\" \/>\n\t<meta property=\"og:image:width\" content=\"960\" \/>\n\t<meta property=\"og:image:height\" content=\"687\" \/>\n\t<meta property=\"og:image:type\" content=\"image\/jpeg\" \/>\n<meta name=\"author\" content=\"Carolien\" \/>\n<meta name=\"twitter:card\" content=\"summary_large_image\" \/>\n<meta name=\"twitter:label1\" content=\"\u00c9crit par\" \/>\n\t<meta name=\"twitter:data1\" content=\"Carolien\" \/>\n\t<meta name=\"twitter:label2\" content=\"Dur\u00e9e de lecture estim\u00e9e\" \/>\n\t<meta name=\"twitter:data2\" content=\"2 minutes\" \/>\n<script type=\"application\/ld+json\" class=\"yoast-schema-graph\">{\"@context\":\"https:\/\/schema.org\",\"@graph\":[{\"@type\":\"Article\",\"@id\":\"https:\/\/abrtherapy.com\/fr\/nous-voulons-partager-notre-merveilleuse-histoire-avec-vous\/#article\",\"isPartOf\":{\"@id\":\"https:\/\/abrtherapy.com\/fr\/nous-voulons-partager-notre-merveilleuse-histoire-avec-vous\/\"},\"author\":{\"name\":\"Carolien\",\"@id\":\"https:\/\/abrtherapy.com\/#\/schema\/person\/8a3f956772ad6ffda3fff0796d8b431c\"},\"headline\":\"Nous voulons partager notre merveilleuse histoire avec vous!\",\"datePublished\":\"2019-04-01T14:00:48+00:00\",\"dateModified\":\"2023-06-02T16:30:16+00:00\",\"mainEntityOfPage\":{\"@id\":\"https:\/\/abrtherapy.com\/fr\/nous-voulons-partager-notre-merveilleuse-histoire-avec-vous\/\"},\"wordCount\":407,\"image\":{\"@id\":\"https:\/\/abrtherapy.com\/fr\/nous-voulons-partager-notre-merveilleuse-histoire-avec-vous\/#primaryimage\"},\"thumbnailUrl\":\"https:\/\/abrtherapy.com\/wp-content\/uploads\/2019\/05\/Family-photo-Alex-Charo-and-Diego-TO-USE-1.jpeg\",\"keywords\":[\"ABR\",\"paralysie c\u00e9r\u00e9brale\",\"t\u00e9moignage\",\"Th\u00e9rapie ABR\"],\"articleSection\":[\"T\u00e9moignage\"],\"inLanguage\":\"fr-FR\"},{\"@type\":\"WebPage\",\"@id\":\"https:\/\/abrtherapy.com\/fr\/nous-voulons-partager-notre-merveilleuse-histoire-avec-vous\/\",\"url\":\"https:\/\/abrtherapy.com\/fr\/nous-voulons-partager-notre-merveilleuse-histoire-avec-vous\/\",\"name\":\"Nous voulons partager notre merveilleuse histoire avec vous! - ABR Therapy\",\"isPartOf\":{\"@id\":\"https:\/\/abrtherapy.com\/#website\"},\"primaryImageOfPage\":{\"@id\":\"https:\/\/abrtherapy.com\/fr\/nous-voulons-partager-notre-merveilleuse-histoire-avec-vous\/#primaryimage\"},\"image\":{\"@id\":\"https:\/\/abrtherapy.com\/fr\/nous-voulons-partager-notre-merveilleuse-histoire-avec-vous\/#primaryimage\"},\"thumbnailUrl\":\"https:\/\/abrtherapy.com\/wp-content\/uploads\/2019\/05\/Family-photo-Alex-Charo-and-Diego-TO-USE-1.jpeg\",\"datePublished\":\"2019-04-01T14:00:48+00:00\",\"dateModified\":\"2023-06-02T16:30:16+00:00\",\"author\":{\"@id\":\"https:\/\/abrtherapy.com\/#\/schema\/person\/8a3f956772ad6ffda3fff0796d8b431c\"},\"breadcrumb\":{\"@id\":\"https:\/\/abrtherapy.com\/fr\/nous-voulons-partager-notre-merveilleuse-histoire-avec-vous\/#breadcrumb\"},\"inLanguage\":\"fr-FR\",\"potentialAction\":[{\"@type\":\"ReadAction\",\"target\":[\"https:\/\/abrtherapy.com\/fr\/nous-voulons-partager-notre-merveilleuse-histoire-avec-vous\/\"]}]},{\"@type\":\"ImageObject\",\"inLanguage\":\"fr-FR\",\"@id\":\"https:\/\/abrtherapy.com\/fr\/nous-voulons-partager-notre-merveilleuse-histoire-avec-vous\/#primaryimage\",\"url\":\"https:\/\/abrtherapy.com\/wp-content\/uploads\/2019\/05\/Family-photo-Alex-Charo-and-Diego-TO-USE-1.jpeg\",\"contentUrl\":\"https:\/\/abrtherapy.com\/wp-content\/uploads\/2019\/05\/Family-photo-Alex-Charo-and-Diego-TO-USE-1.jpeg\",\"width\":960,\"height\":687},{\"@type\":\"BreadcrumbList\",\"@id\":\"https:\/\/abrtherapy.com\/fr\/nous-voulons-partager-notre-merveilleuse-histoire-avec-vous\/#breadcrumb\",\"itemListElement\":[{\"@type\":\"ListItem\",\"position\":1,\"name\":\"Home\",\"item\":\"https:\/\/abrtherapy.com\/fr\/\"},{\"@type\":\"ListItem\",\"position\":2,\"name\":\"Nous voulons partager notre merveilleuse histoire avec vous!\"}]},{\"@type\":\"WebSite\",\"@id\":\"https:\/\/abrtherapy.com\/#website\",\"url\":\"https:\/\/abrtherapy.com\/\",\"name\":\"ABR Therapy\",\"description\":\"Advanced Biomechanical Rehabilitation\",\"potentialAction\":[{\"@type\":\"SearchAction\",\"target\":{\"@type\":\"EntryPoint\",\"urlTemplate\":\"https:\/\/abrtherapy.com\/?s={search_term_string}\"},\"query-input\":{\"@type\":\"PropertyValueSpecification\",\"valueRequired\":true,\"valueName\":\"search_term_string\"}}],\"inLanguage\":\"fr-FR\"},{\"@type\":\"Person\",\"@id\":\"https:\/\/abrtherapy.com\/#\/schema\/person\/8a3f956772ad6ffda3fff0796d8b431c\",\"name\":\"Carolien\",\"image\":{\"@type\":\"ImageObject\",\"inLanguage\":\"fr-FR\",\"@id\":\"https:\/\/abrtherapy.com\/#\/schema\/person\/image\/\",\"url\":\"https:\/\/secure.gravatar.com\/avatar\/0f1eba1010056e403e998eb24d09e27fa66696e6967607b0277f9364f690036f?s=96&d=mm&r=g\",\"contentUrl\":\"https:\/\/secure.gravatar.com\/avatar\/0f1eba1010056e403e998eb24d09e27fa66696e6967607b0277f9364f690036f?s=96&d=mm&r=g\",\"caption\":\"Carolien\"},\"url\":\"https:\/\/abrtherapy.com\/fr\/author\/carolien\/\"}]}<\/script>\n<!-- \/ Yoast SEO plugin. -->","yoast_head_json":{"title":"Nous voulons partager notre merveilleuse histoire avec vous! - ABR Therapy","robots":{"index":"index","follow":"follow","max-snippet":"max-snippet:-1","max-image-preview":"max-image-preview:large","max-video-preview":"max-video-preview:-1"},"canonical":"https:\/\/abrtherapy.com\/fr\/nous-voulons-partager-notre-merveilleuse-histoire-avec-vous\/","og_locale":"fr_FR","og_type":"article","og_title":"Nous voulons partager notre merveilleuse histoire avec vous! - ABR Therapy","og_description":"Je m'appelle Charo, maman de Diego et je veux partager avec vous notre merveilleuse histoire.","og_url":"https:\/\/abrtherapy.com\/fr\/nous-voulons-partager-notre-merveilleuse-histoire-avec-vous\/","og_site_name":"ABR Therapy","article_published_time":"2019-04-01T14:00:48+00:00","article_modified_time":"2023-06-02T16:30:16+00:00","og_image":[{"width":960,"height":687,"url":"https:\/\/abrtherapy.com\/wp-content\/uploads\/2019\/05\/Family-photo-Alex-Charo-and-Diego-TO-USE-1.jpeg","type":"image\/jpeg"}],"author":"Carolien","twitter_card":"summary_large_image","twitter_misc":{"\u00c9crit par":"Carolien","Dur\u00e9e de lecture estim\u00e9e":"2 minutes"},"schema":{"@context":"https:\/\/schema.org","@graph":[{"@type":"Article","@id":"https:\/\/abrtherapy.com\/fr\/nous-voulons-partager-notre-merveilleuse-histoire-avec-vous\/#article","isPartOf":{"@id":"https:\/\/abrtherapy.com\/fr\/nous-voulons-partager-notre-merveilleuse-histoire-avec-vous\/"},"author":{"name":"Carolien","@id":"https:\/\/abrtherapy.com\/#\/schema\/person\/8a3f956772ad6ffda3fff0796d8b431c"},"headline":"Nous voulons partager notre merveilleuse histoire avec vous!","datePublished":"2019-04-01T14:00:48+00:00","dateModified":"2023-06-02T16:30:16+00:00","mainEntityOfPage":{"@id":"https:\/\/abrtherapy.com\/fr\/nous-voulons-partager-notre-merveilleuse-histoire-avec-vous\/"},"wordCount":407,"image":{"@id":"https:\/\/abrtherapy.com\/fr\/nous-voulons-partager-notre-merveilleuse-histoire-avec-vous\/#primaryimage"},"thumbnailUrl":"https:\/\/abrtherapy.com\/wp-content\/uploads\/2019\/05\/Family-photo-Alex-Charo-and-Diego-TO-USE-1.jpeg","keywords":["ABR","paralysie c\u00e9r\u00e9brale","t\u00e9moignage","Th\u00e9rapie ABR"],"articleSection":["T\u00e9moignage"],"inLanguage":"fr-FR"},{"@type":"WebPage","@id":"https:\/\/abrtherapy.com\/fr\/nous-voulons-partager-notre-merveilleuse-histoire-avec-vous\/","url":"https:\/\/abrtherapy.com\/fr\/nous-voulons-partager-notre-merveilleuse-histoire-avec-vous\/","name":"Nous voulons partager notre merveilleuse histoire avec vous! - ABR Therapy","isPartOf":{"@id":"https:\/\/abrtherapy.com\/#website"},"primaryImageOfPage":{"@id":"https:\/\/abrtherapy.com\/fr\/nous-voulons-partager-notre-merveilleuse-histoire-avec-vous\/#primaryimage"},"image":{"@id":"https:\/\/abrtherapy.com\/fr\/nous-voulons-partager-notre-merveilleuse-histoire-avec-vous\/#primaryimage"},"thumbnailUrl":"https:\/\/abrtherapy.com\/wp-content\/uploads\/2019\/05\/Family-photo-Alex-Charo-and-Diego-TO-USE-1.jpeg","datePublished":"2019-04-01T14:00:48+00:00","dateModified":"2023-06-02T16:30:16+00:00","author":{"@id":"https:\/\/abrtherapy.com\/#\/schema\/person\/8a3f956772ad6ffda3fff0796d8b431c"},"breadcrumb":{"@id":"https:\/\/abrtherapy.com\/fr\/nous-voulons-partager-notre-merveilleuse-histoire-avec-vous\/#breadcrumb"},"inLanguage":"fr-FR","potentialAction":[{"@type":"ReadAction","target":["https:\/\/abrtherapy.com\/fr\/nous-voulons-partager-notre-merveilleuse-histoire-avec-vous\/"]}]},{"@type":"ImageObject","inLanguage":"fr-FR","@id":"https:\/\/abrtherapy.com\/fr\/nous-voulons-partager-notre-merveilleuse-histoire-avec-vous\/#primaryimage","url":"https:\/\/abrtherapy.com\/wp-content\/uploads\/2019\/05\/Family-photo-Alex-Charo-and-Diego-TO-USE-1.jpeg","contentUrl":"https:\/\/abrtherapy.com\/wp-content\/uploads\/2019\/05\/Family-photo-Alex-Charo-and-Diego-TO-USE-1.jpeg","width":960,"height":687},{"@type":"BreadcrumbList","@id":"https:\/\/abrtherapy.com\/fr\/nous-voulons-partager-notre-merveilleuse-histoire-avec-vous\/#breadcrumb","itemListElement":[{"@type":"ListItem","position":1,"name":"Home","item":"https:\/\/abrtherapy.com\/fr\/"},{"@type":"ListItem","position":2,"name":"Nous voulons partager notre merveilleuse histoire avec vous!"}]},{"@type":"WebSite","@id":"https:\/\/abrtherapy.com\/#website","url":"https:\/\/abrtherapy.com\/","name":"ABR Therapy","description":"Advanced Biomechanical Rehabilitation","potentialAction":[{"@type":"SearchAction","target":{"@type":"EntryPoint","urlTemplate":"https:\/\/abrtherapy.com\/?s={search_term_string}"},"query-input":{"@type":"PropertyValueSpecification","valueRequired":true,"valueName":"search_term_string"}}],"inLanguage":"fr-FR"},{"@type":"Person","@id":"https:\/\/abrtherapy.com\/#\/schema\/person\/8a3f956772ad6ffda3fff0796d8b431c","name":"Carolien","image":{"@type":"ImageObject","inLanguage":"fr-FR","@id":"https:\/\/abrtherapy.com\/#\/schema\/person\/image\/","url":"https:\/\/secure.gravatar.com\/avatar\/0f1eba1010056e403e998eb24d09e27fa66696e6967607b0277f9364f690036f?s=96&d=mm&r=g","contentUrl":"https:\/\/secure.gravatar.com\/avatar\/0f1eba1010056e403e998eb24d09e27fa66696e6967607b0277f9364f690036f?s=96&d=mm&r=g","caption":"Carolien"},"url":"https:\/\/abrtherapy.com\/fr\/author\/carolien\/"}]}},"_links":{"self":[{"href":"https:\/\/abrtherapy.com\/fr\/wp-json\/wp\/v2\/posts\/23409","targetHints":{"allow":["GET"]}}],"collection":[{"href":"https:\/\/abrtherapy.com\/fr\/wp-json\/wp\/v2\/posts"}],"about":[{"href":"https:\/\/abrtherapy.com\/fr\/wp-json\/wp\/v2\/types\/post"}],"author":[{"embeddable":true,"href":"https:\/\/abrtherapy.com\/fr\/wp-json\/wp\/v2\/users\/6"}],"replies":[{"embeddable":true,"href":"https:\/\/abrtherapy.com\/fr\/wp-json\/wp\/v2\/comments?post=23409"}],"version-history":[{"count":2,"href":"https:\/\/abrtherapy.com\/fr\/wp-json\/wp\/v2\/posts\/23409\/revisions"}],"predecessor-version":[{"id":40135,"href":"https:\/\/abrtherapy.com\/fr\/wp-json\/wp\/v2\/posts\/23409\/revisions\/40135"}],"wp:featuredmedia":[{"embeddable":true,"href":"https:\/\/abrtherapy.com\/fr\/wp-json\/wp\/v2\/media\/15939"}],"wp:attachment":[{"href":"https:\/\/abrtherapy.com\/fr\/wp-json\/wp\/v2\/media?parent=23409"}],"wp:term":[{"taxonomy":"category","embeddable":true,"href":"https:\/\/abrtherapy.com\/fr\/wp-json\/wp\/v2\/categories?post=23409"},{"taxonomy":"post_tag","embeddable":true,"href":"https:\/\/abrtherapy.com\/fr\/wp-json\/wp\/v2\/tags?post=23409"}],"curies":[{"name":"wp","href":"https:\/\/api.w.org\/{rel}","templated":true}]}}