{"id":23379,"date":"2020-02-01T15:32:50","date_gmt":"2020-02-01T14:32:50","guid":{"rendered":"https:\/\/abrtherapy.com\/abr-a-apporte-la-paix-et-un-sourire-sur-le-visage-de-mon-garcon\/"},"modified":"2022-02-22T23:36:50","modified_gmt":"2022-02-22T22:36:50","slug":"abr-a-apporte-la-paix-et-un-sourire-sur-le-visage-de-mon-garcon","status":"publish","type":"post","link":"https:\/\/abrtherapy.com\/fr\/abr-a-apporte-la-paix-et-un-sourire-sur-le-visage-de-mon-garcon\/","title":{"rendered":"ABR a apport\u00e9 la paix et un sourire sur le visage de mon gar\u00e7on"},"content":{"rendered":"<h1>ABR a apport\u00e9 la paix et un sourire sur le visage de mon gar\u00e7on<\/h1>\n<p>Bonjour, je m&rsquo;appelle Adela Masca&nbsp;! Depuis quelque temps, je pense <strong>partager mon exp\u00e9rience des 8 derni\u00e8res ann\u00e9es depuis que je fais la th\u00e9rapie ABR avec mon fils Bogdan<\/strong> . La seule contrainte venait du fait que je ne me sentais pas \u00e0 l&rsquo;aise de communiquer de cette mani\u00e8re, via les r\u00e9seaux sociaux. Je vais essayer d&rsquo;exprimer aussi clairement et bri\u00e8vement les bienfaits de cette th\u00e9rapie que j&rsquo;ai remarqu\u00e9s. Je vais vous dire comment cela a aid\u00e9 Bogdan et nous.<\/p>\n<p>&nbsp;<\/p>\n<h2>Enfin une explication<\/h2>\n<p>Quand j&rsquo;ai entendu parler d&rsquo;ABR, j&rsquo;\u00e9tais en Espagne, <strong>cherche d\u00e9sesp\u00e9r\u00e9ment de l&rsquo;aide pour mon petit gar\u00e7on. Il \u00e9tait dans une situation tr\u00e8s d\u00e9licate<\/strong> et les recommandations que j&rsquo;ai re\u00e7ues \u00e9taient d&rsquo;enqu\u00eater sur ce qui le cause, avec des perspectives plut\u00f4t petites et incertaines pour changer quelque chose. Je me souviens aussi des propos du neurologue disant que le probl\u00e8me de Bogdan est de nature m\u00e9tabolique. Il a dit que c&rsquo;est comme une bombe pour le corps et qu&rsquo;on ne peut rien faire. Je ne peux pas vous d\u00e9crire ce que j&rsquo;ai v\u00e9cu depuis.<\/p>\n<p>&nbsp;<\/p>\n<p>Laissant de c\u00f4t\u00e9 les suppositions des m\u00e9decins, <strong>nous avons lu sur ABR. Enfin, nous avons trouv\u00e9 l&rsquo;explication la plus sinc\u00e8re et la plus correcte<\/strong> jusque-l\u00e0 de ce qu&rsquo;ils consid\u00e9raient comme \u00e9tant en train de se passer avec notre enfant. J&rsquo;\u00e9tais d&rsquo;accord avec la plupart des explications qu&rsquo;ils donnaient. J&rsquo;esp\u00e9rais qu&rsquo;ils auraient une solution aux probl\u00e8mes de mon fils.<\/p>\n<p>&nbsp;<\/p>\n<h2>La premi\u00e8re \u00e9valuation<\/h2>\n<p><strong><a href=\"https:\/\/abrtherapy.com\/fr\/process\/\">Premier bilan<\/a> de Bogdan<\/strong> m&rsquo;a choqu\u00e9, je me souviens d&rsquo;avoir pleur\u00e9. <strong>Personne n&rsquo;avait regard\u00e9 Bogdan de cette fa\u00e7on, regardant tous les d\u00e9tails de son corps.<\/strong> Tout ce que je pensais \u00eatre d&rsquo;accord avec lui ne l&rsquo;\u00e9tait pas\u2026 J&rsquo;\u00e9tais choqu\u00e9 au d\u00e9but, mais les choses ont chang\u00e9 quand ils m&rsquo;ont dit qu&rsquo;il y avait des solutions \u00e0 tous ces probl\u00e8mes. C&rsquo;est peut-\u00eatre la chose la plus importante que fait l&rsquo;\u00e9quipe ABR. Ils ne se limitent pas \u00e0 \u00e9tiqueter et \u00e0 essayer de nommer les probl\u00e8mes de votre enfant. Ils identifient et vous proposent la solution.<\/p>\n<p>&nbsp;<\/p>\n<p><img fetchpriority=\"high\" decoding=\"async\" class=\"size-medium wp-image-17657 alignright\" src=\"https:\/\/abrtherapy.com\/wp-content\/uploads\/2020\/02\/hybrid-uGP_6CAD-14-unsplash-1-300x200.jpg\" alt=\"\" width=\"300\" height=\"200\">Plus pr\u00e9cis\u00e9ment, Bogdan avait un syst\u00e8me osseux et musculaire tr\u00e8s fragile. C&rsquo;\u00e9tait comme une gel\u00e9e, si vous pressiez l\u00e9g\u00e8rement sa poitrine, votre main s&rsquo;enfoncerait. <strong>Apr\u00e8s 6 mois de th\u00e9rapie ABR<\/strong> , ce n&rsquo;\u00e9tait plus possible. Avant ABR, il se r\u00e9veillait 10 fois pendant la nuit. Depuis que nous faisons ABR, ce n&rsquo;est plus le cas. Les hospitalisations pour infections respiratoires, exclusivement bronchites et pneumonies, qui \u00e9taient presque mensuelles, se sont progressivement r\u00e9duites \u00e0 1-2 par an.<br \/>\nJe passais toute la journ\u00e9e \u00e0 tenir Bogdan dans mes bras. Il ne voulait pas rester dans sa poussette car il \u00e9tait mal \u00e0 l&rsquo;aise et pleurait. Maintenant, il est assis sur une chaise.<\/p>\n<p>&nbsp;<\/p>\n<h2>La th\u00e9rapie ABR lui a fait sourire<\/h2>\n<p>Ce que je peux te dire c&rsquo;est que <strong>depuis que j&rsquo;ai d\u00e9couvert cette th\u00e9rapie, je n&rsquo;ai rien fait d&rsquo;autre. Je suis convaincu que la th\u00e9rapie ABR a aid\u00e9 mon fils<\/strong> et peut-\u00eatre les soins exag\u00e9r\u00e9s que j&rsquo;ai eus et que j&rsquo;ai encore. Bogdan est atteint d&rsquo;une maladie g\u00e9n\u00e9tique extr\u00eamement rare, le seul d\u00e9faut au monde au moment du diagnostic. Son corps ne produit pas de s\u00e9rine et re\u00e7oit quotidiennement cet acide amin\u00e9 sous forme de compl\u00e9ment alimentaire. Il n&rsquo;est pas facile d&rsquo;appliquer l&rsquo;ABR, cela demande beaucoup de temps et de patience. Si les attentes sont r\u00e9alistes, les r\u00e9sultats sont fabuleux ! J&rsquo;ai fait et continue de faire cette th\u00e9rapie car c&rsquo;est la seule qui a apport\u00e9 paix et sourire sur le visage de mon petit gar\u00e7on.<\/p>\n<p>&nbsp;<\/p>\n<p>De tout mon c\u0153ur, je vous souhaite de la force !<br \/>\nTout le meilleur et bonne sant\u00e9 pour vos enfants.<\/p>\n<p>Ad\u00e8le<\/p>\n<p>&nbsp;<\/p>\n<p><img decoding=\"async\" class=\"alignnone wp-image-17768\" src=\"https:\/\/abrtherapy.com\/wp-content\/uploads\/2020\/02\/Masca-Bogdan-02-2.jpg\" alt=\"\" width=\"430\" height=\"242\" srcset=\"https:\/\/abrtherapy.com\/wp-content\/uploads\/2020\/02\/Masca-Bogdan-02-2.jpg 2846w, https:\/\/abrtherapy.com\/wp-content\/uploads\/2020\/02\/Masca-Bogdan-02-2-300x169.jpg 300w, https:\/\/abrtherapy.com\/wp-content\/uploads\/2020\/02\/Masca-Bogdan-02-2-768x432.jpg 768w, https:\/\/abrtherapy.com\/wp-content\/uploads\/2020\/02\/Masca-Bogdan-02-2-1024x576.jpg 1024w\" sizes=\"(max-width: 430px) 100vw, 430px\" \/>     <img decoding=\"async\" class=\"alignnone wp-image-17782\" src=\"https:\/\/abrtherapy.com\/wp-content\/uploads\/2020\/02\/Masca-Bogdan-05-2.jpg\" alt=\"\" width=\"430\" height=\"242\" srcset=\"https:\/\/abrtherapy.com\/wp-content\/uploads\/2020\/02\/Masca-Bogdan-05-2.jpg 2846w, https:\/\/abrtherapy.com\/wp-content\/uploads\/2020\/02\/Masca-Bogdan-05-2-300x169.jpg 300w, https:\/\/abrtherapy.com\/wp-content\/uploads\/2020\/02\/Masca-Bogdan-05-2-768x432.jpg 768w, https:\/\/abrtherapy.com\/wp-content\/uploads\/2020\/02\/Masca-Bogdan-05-2-1024x576.jpg 1024w\" sizes=\"(max-width: 430px) 100vw, 430px\" \/><\/p>\n<p>&nbsp;<\/p>\n<p><img loading=\"lazy\" decoding=\"async\" class=\"alignnone wp-image-17761\" src=\"https:\/\/abrtherapy.com\/wp-content\/uploads\/2020\/02\/Masca-Bogdan-01-2.jpg\" alt=\"\" width=\"430\" height=\"242\" srcset=\"https:\/\/abrtherapy.com\/wp-content\/uploads\/2020\/02\/Masca-Bogdan-01-2.jpg 2846w, https:\/\/abrtherapy.com\/wp-content\/uploads\/2020\/02\/Masca-Bogdan-01-2-300x169.jpg 300w, https:\/\/abrtherapy.com\/wp-content\/uploads\/2020\/02\/Masca-Bogdan-01-2-768x432.jpg 768w, https:\/\/abrtherapy.com\/wp-content\/uploads\/2020\/02\/Masca-Bogdan-01-2-1024x576.jpg 1024w\" sizes=\"(max-width: 430px) 100vw, 430px\" \/>     <img loading=\"lazy\" decoding=\"async\" class=\"alignnone wp-image-17775\" src=\"https:\/\/abrtherapy.com\/wp-content\/uploads\/2020\/02\/Masca-Bogdan-04-2.jpg\" alt=\"\" width=\"430\" height=\"242\" srcset=\"https:\/\/abrtherapy.com\/wp-content\/uploads\/2020\/02\/Masca-Bogdan-04-2.jpg 2846w, https:\/\/abrtherapy.com\/wp-content\/uploads\/2020\/02\/Masca-Bogdan-04-2-300x169.jpg 300w, https:\/\/abrtherapy.com\/wp-content\/uploads\/2020\/02\/Masca-Bogdan-04-2-768x432.jpg 768w, https:\/\/abrtherapy.com\/wp-content\/uploads\/2020\/02\/Masca-Bogdan-04-2-1024x576.jpg 1024w\" sizes=\"(max-width: 430px) 100vw, 430px\" \/><\/p>\n<p>&nbsp;<\/p>\n","protected":false},"excerpt":{"rendered":"<p>Adela, la m\u00e8re de Bogdan, essaie d&rsquo;exprimer les avantages de la th\u00e9rapie ABR <\/p>\n","protected":false},"author":6,"featured_media":17611,"comment_status":"closed","ping_status":"closed","sticky":false,"template":"","format":"standard","meta":{"_exactmetrics_skip_tracking":false,"_exactmetrics_sitenote_active":false,"_exactmetrics_sitenote_note":"","_exactmetrics_sitenote_category":0,"footnotes":""},"categories":[387],"tags":[281,728,528],"class_list":["post-23379","post","type-post","status-publish","format-standard","has-post-thumbnail","hentry","category-temoignages","tag-abr-fr","tag-avantages-abr","tag-testimonial-fr"],"yoast_head":"<!-- This site is optimized with the Yoast SEO plugin v26.9 - https:\/\/yoast.com\/product\/yoast-seo-wordpress\/ -->\n<title>ABR a apport\u00e9 la paix et un sourire sur le visage de mon gar\u00e7on - ABR Therapy<\/title>\n<meta name=\"description\" content=\"Laissant de c\u00f4t\u00e9 les hypoth\u00e8ses des m\u00e9decins, nous avons lu sur la th\u00e9rapie ABR. Enfin, nous avons trouv\u00e9 l&#039;explication la plus sinc\u00e8re et la plus correcte jusque-l\u00e0.\" \/>\n<meta name=\"robots\" content=\"index, follow, max-snippet:-1, max-image-preview:large, max-video-preview:-1\" \/>\n<link rel=\"canonical\" href=\"https:\/\/abrtherapy.com\/fr\/abr-a-apporte-la-paix-et-un-sourire-sur-le-visage-de-mon-garcon\/\" \/>\n<meta property=\"og:locale\" content=\"fr_FR\" \/>\n<meta property=\"og:type\" content=\"article\" \/>\n<meta property=\"og:title\" content=\"ABR a apport\u00e9 la paix et un sourire sur le visage de mon gar\u00e7on - ABR Therapy\" \/>\n<meta property=\"og:description\" content=\"Laissant de c\u00f4t\u00e9 les hypoth\u00e8ses des m\u00e9decins, nous avons lu sur la th\u00e9rapie ABR. Enfin, nous avons trouv\u00e9 l&#039;explication la plus sinc\u00e8re et la plus correcte jusque-l\u00e0.\" \/>\n<meta property=\"og:url\" content=\"https:\/\/abrtherapy.com\/fr\/abr-a-apporte-la-paix-et-un-sourire-sur-le-visage-de-mon-garcon\/\" \/>\n<meta property=\"og:site_name\" content=\"ABR Therapy\" \/>\n<meta property=\"article:published_time\" content=\"2020-02-01T14:32:50+00:00\" \/>\n<meta property=\"article:modified_time\" content=\"2022-02-22T22:36:50+00:00\" \/>\n<meta property=\"og:image\" content=\"https:\/\/abrtherapy.com\/wp-content\/uploads\/2020\/01\/Foto-Bogdan.jpg\" \/>\n\t<meta property=\"og:image:width\" content=\"1008\" \/>\n\t<meta property=\"og:image:height\" content=\"658\" \/>\n\t<meta property=\"og:image:type\" content=\"image\/jpeg\" \/>\n<meta name=\"author\" content=\"Carolien\" \/>\n<meta name=\"twitter:card\" content=\"summary_large_image\" \/>\n<meta name=\"twitter:label1\" content=\"\u00c9crit par\" \/>\n\t<meta name=\"twitter:data1\" content=\"Carolien\" \/>\n\t<meta name=\"twitter:label2\" content=\"Dur\u00e9e de lecture estim\u00e9e\" \/>\n\t<meta name=\"twitter:data2\" content=\"3 minutes\" \/>\n<script type=\"application\/ld+json\" class=\"yoast-schema-graph\">{\"@context\":\"https:\/\/schema.org\",\"@graph\":[{\"@type\":\"Article\",\"@id\":\"https:\/\/abrtherapy.com\/fr\/abr-a-apporte-la-paix-et-un-sourire-sur-le-visage-de-mon-garcon\/#article\",\"isPartOf\":{\"@id\":\"https:\/\/abrtherapy.com\/fr\/abr-a-apporte-la-paix-et-un-sourire-sur-le-visage-de-mon-garcon\/\"},\"author\":{\"name\":\"Carolien\",\"@id\":\"https:\/\/abrtherapy.com\/#\/schema\/person\/8a3f956772ad6ffda3fff0796d8b431c\"},\"headline\":\"ABR a apport\u00e9 la paix et un sourire sur le visage de mon gar\u00e7on\",\"datePublished\":\"2020-02-01T14:32:50+00:00\",\"dateModified\":\"2022-02-22T22:36:50+00:00\",\"mainEntityOfPage\":{\"@id\":\"https:\/\/abrtherapy.com\/fr\/abr-a-apporte-la-paix-et-un-sourire-sur-le-visage-de-mon-garcon\/\"},\"wordCount\":734,\"image\":{\"@id\":\"https:\/\/abrtherapy.com\/fr\/abr-a-apporte-la-paix-et-un-sourire-sur-le-visage-de-mon-garcon\/#primaryimage\"},\"thumbnailUrl\":\"https:\/\/abrtherapy.com\/wp-content\/uploads\/2020\/01\/Foto-Bogdan.jpg\",\"keywords\":[\"ABR\",\"avantages ABR\",\"t\u00e9moignage\"],\"articleSection\":[\"T\u00e9moignage\"],\"inLanguage\":\"fr-FR\"},{\"@type\":\"WebPage\",\"@id\":\"https:\/\/abrtherapy.com\/fr\/abr-a-apporte-la-paix-et-un-sourire-sur-le-visage-de-mon-garcon\/\",\"url\":\"https:\/\/abrtherapy.com\/fr\/abr-a-apporte-la-paix-et-un-sourire-sur-le-visage-de-mon-garcon\/\",\"name\":\"ABR a apport\u00e9 la paix et un sourire sur le visage de mon gar\u00e7on - ABR Therapy\",\"isPartOf\":{\"@id\":\"https:\/\/abrtherapy.com\/#website\"},\"primaryImageOfPage\":{\"@id\":\"https:\/\/abrtherapy.com\/fr\/abr-a-apporte-la-paix-et-un-sourire-sur-le-visage-de-mon-garcon\/#primaryimage\"},\"image\":{\"@id\":\"https:\/\/abrtherapy.com\/fr\/abr-a-apporte-la-paix-et-un-sourire-sur-le-visage-de-mon-garcon\/#primaryimage\"},\"thumbnailUrl\":\"https:\/\/abrtherapy.com\/wp-content\/uploads\/2020\/01\/Foto-Bogdan.jpg\",\"datePublished\":\"2020-02-01T14:32:50+00:00\",\"dateModified\":\"2022-02-22T22:36:50+00:00\",\"author\":{\"@id\":\"https:\/\/abrtherapy.com\/#\/schema\/person\/8a3f956772ad6ffda3fff0796d8b431c\"},\"description\":\"Laissant de c\u00f4t\u00e9 les hypoth\u00e8ses des m\u00e9decins, nous avons lu sur la th\u00e9rapie ABR. Enfin, nous avons trouv\u00e9 l'explication la plus sinc\u00e8re et la plus correcte jusque-l\u00e0.\",\"breadcrumb\":{\"@id\":\"https:\/\/abrtherapy.com\/fr\/abr-a-apporte-la-paix-et-un-sourire-sur-le-visage-de-mon-garcon\/#breadcrumb\"},\"inLanguage\":\"fr-FR\",\"potentialAction\":[{\"@type\":\"ReadAction\",\"target\":[\"https:\/\/abrtherapy.com\/fr\/abr-a-apporte-la-paix-et-un-sourire-sur-le-visage-de-mon-garcon\/\"]}]},{\"@type\":\"ImageObject\",\"inLanguage\":\"fr-FR\",\"@id\":\"https:\/\/abrtherapy.com\/fr\/abr-a-apporte-la-paix-et-un-sourire-sur-le-visage-de-mon-garcon\/#primaryimage\",\"url\":\"https:\/\/abrtherapy.com\/wp-content\/uploads\/2020\/01\/Foto-Bogdan.jpg\",\"contentUrl\":\"https:\/\/abrtherapy.com\/wp-content\/uploads\/2020\/01\/Foto-Bogdan.jpg\",\"width\":1008,\"height\":658,\"caption\":\"Th\u00e9rapie ABR\"},{\"@type\":\"BreadcrumbList\",\"@id\":\"https:\/\/abrtherapy.com\/fr\/abr-a-apporte-la-paix-et-un-sourire-sur-le-visage-de-mon-garcon\/#breadcrumb\",\"itemListElement\":[{\"@type\":\"ListItem\",\"position\":1,\"name\":\"Home\",\"item\":\"https:\/\/abrtherapy.com\/fr\/\"},{\"@type\":\"ListItem\",\"position\":2,\"name\":\"ABR a apport\u00e9 la paix et un sourire sur le visage de mon gar\u00e7on\"}]},{\"@type\":\"WebSite\",\"@id\":\"https:\/\/abrtherapy.com\/#website\",\"url\":\"https:\/\/abrtherapy.com\/\",\"name\":\"ABR Therapy\",\"description\":\"Advanced Biomechanical Rehabilitation\",\"potentialAction\":[{\"@type\":\"SearchAction\",\"target\":{\"@type\":\"EntryPoint\",\"urlTemplate\":\"https:\/\/abrtherapy.com\/?s={search_term_string}\"},\"query-input\":{\"@type\":\"PropertyValueSpecification\",\"valueRequired\":true,\"valueName\":\"search_term_string\"}}],\"inLanguage\":\"fr-FR\"},{\"@type\":\"Person\",\"@id\":\"https:\/\/abrtherapy.com\/#\/schema\/person\/8a3f956772ad6ffda3fff0796d8b431c\",\"name\":\"Carolien\",\"image\":{\"@type\":\"ImageObject\",\"inLanguage\":\"fr-FR\",\"@id\":\"https:\/\/abrtherapy.com\/#\/schema\/person\/image\/\",\"url\":\"https:\/\/secure.gravatar.com\/avatar\/0f1eba1010056e403e998eb24d09e27fa66696e6967607b0277f9364f690036f?s=96&d=mm&r=g\",\"contentUrl\":\"https:\/\/secure.gravatar.com\/avatar\/0f1eba1010056e403e998eb24d09e27fa66696e6967607b0277f9364f690036f?s=96&d=mm&r=g\",\"caption\":\"Carolien\"},\"url\":\"https:\/\/abrtherapy.com\/fr\/author\/carolien\/\"}]}<\/script>\n<!-- \/ Yoast SEO plugin. -->","yoast_head_json":{"title":"ABR a apport\u00e9 la paix et un sourire sur le visage de mon gar\u00e7on - ABR Therapy","description":"Laissant de c\u00f4t\u00e9 les hypoth\u00e8ses des m\u00e9decins, nous avons lu sur la th\u00e9rapie ABR. Enfin, nous avons trouv\u00e9 l'explication la plus sinc\u00e8re et la plus correcte jusque-l\u00e0.","robots":{"index":"index","follow":"follow","max-snippet":"max-snippet:-1","max-image-preview":"max-image-preview:large","max-video-preview":"max-video-preview:-1"},"canonical":"https:\/\/abrtherapy.com\/fr\/abr-a-apporte-la-paix-et-un-sourire-sur-le-visage-de-mon-garcon\/","og_locale":"fr_FR","og_type":"article","og_title":"ABR a apport\u00e9 la paix et un sourire sur le visage de mon gar\u00e7on - ABR Therapy","og_description":"Laissant de c\u00f4t\u00e9 les hypoth\u00e8ses des m\u00e9decins, nous avons lu sur la th\u00e9rapie ABR. Enfin, nous avons trouv\u00e9 l'explication la plus sinc\u00e8re et la plus correcte jusque-l\u00e0.","og_url":"https:\/\/abrtherapy.com\/fr\/abr-a-apporte-la-paix-et-un-sourire-sur-le-visage-de-mon-garcon\/","og_site_name":"ABR Therapy","article_published_time":"2020-02-01T14:32:50+00:00","article_modified_time":"2022-02-22T22:36:50+00:00","og_image":[{"width":1008,"height":658,"url":"https:\/\/abrtherapy.com\/wp-content\/uploads\/2020\/01\/Foto-Bogdan.jpg","type":"image\/jpeg"}],"author":"Carolien","twitter_card":"summary_large_image","twitter_misc":{"\u00c9crit par":"Carolien","Dur\u00e9e de lecture estim\u00e9e":"3 minutes"},"schema":{"@context":"https:\/\/schema.org","@graph":[{"@type":"Article","@id":"https:\/\/abrtherapy.com\/fr\/abr-a-apporte-la-paix-et-un-sourire-sur-le-visage-de-mon-garcon\/#article","isPartOf":{"@id":"https:\/\/abrtherapy.com\/fr\/abr-a-apporte-la-paix-et-un-sourire-sur-le-visage-de-mon-garcon\/"},"author":{"name":"Carolien","@id":"https:\/\/abrtherapy.com\/#\/schema\/person\/8a3f956772ad6ffda3fff0796d8b431c"},"headline":"ABR a apport\u00e9 la paix et un sourire sur le visage de mon gar\u00e7on","datePublished":"2020-02-01T14:32:50+00:00","dateModified":"2022-02-22T22:36:50+00:00","mainEntityOfPage":{"@id":"https:\/\/abrtherapy.com\/fr\/abr-a-apporte-la-paix-et-un-sourire-sur-le-visage-de-mon-garcon\/"},"wordCount":734,"image":{"@id":"https:\/\/abrtherapy.com\/fr\/abr-a-apporte-la-paix-et-un-sourire-sur-le-visage-de-mon-garcon\/#primaryimage"},"thumbnailUrl":"https:\/\/abrtherapy.com\/wp-content\/uploads\/2020\/01\/Foto-Bogdan.jpg","keywords":["ABR","avantages ABR","t\u00e9moignage"],"articleSection":["T\u00e9moignage"],"inLanguage":"fr-FR"},{"@type":"WebPage","@id":"https:\/\/abrtherapy.com\/fr\/abr-a-apporte-la-paix-et-un-sourire-sur-le-visage-de-mon-garcon\/","url":"https:\/\/abrtherapy.com\/fr\/abr-a-apporte-la-paix-et-un-sourire-sur-le-visage-de-mon-garcon\/","name":"ABR a apport\u00e9 la paix et un sourire sur le visage de mon gar\u00e7on - ABR Therapy","isPartOf":{"@id":"https:\/\/abrtherapy.com\/#website"},"primaryImageOfPage":{"@id":"https:\/\/abrtherapy.com\/fr\/abr-a-apporte-la-paix-et-un-sourire-sur-le-visage-de-mon-garcon\/#primaryimage"},"image":{"@id":"https:\/\/abrtherapy.com\/fr\/abr-a-apporte-la-paix-et-un-sourire-sur-le-visage-de-mon-garcon\/#primaryimage"},"thumbnailUrl":"https:\/\/abrtherapy.com\/wp-content\/uploads\/2020\/01\/Foto-Bogdan.jpg","datePublished":"2020-02-01T14:32:50+00:00","dateModified":"2022-02-22T22:36:50+00:00","author":{"@id":"https:\/\/abrtherapy.com\/#\/schema\/person\/8a3f956772ad6ffda3fff0796d8b431c"},"description":"Laissant de c\u00f4t\u00e9 les hypoth\u00e8ses des m\u00e9decins, nous avons lu sur la th\u00e9rapie ABR. Enfin, nous avons trouv\u00e9 l'explication la plus sinc\u00e8re et la plus correcte jusque-l\u00e0.","breadcrumb":{"@id":"https:\/\/abrtherapy.com\/fr\/abr-a-apporte-la-paix-et-un-sourire-sur-le-visage-de-mon-garcon\/#breadcrumb"},"inLanguage":"fr-FR","potentialAction":[{"@type":"ReadAction","target":["https:\/\/abrtherapy.com\/fr\/abr-a-apporte-la-paix-et-un-sourire-sur-le-visage-de-mon-garcon\/"]}]},{"@type":"ImageObject","inLanguage":"fr-FR","@id":"https:\/\/abrtherapy.com\/fr\/abr-a-apporte-la-paix-et-un-sourire-sur-le-visage-de-mon-garcon\/#primaryimage","url":"https:\/\/abrtherapy.com\/wp-content\/uploads\/2020\/01\/Foto-Bogdan.jpg","contentUrl":"https:\/\/abrtherapy.com\/wp-content\/uploads\/2020\/01\/Foto-Bogdan.jpg","width":1008,"height":658,"caption":"Th\u00e9rapie ABR"},{"@type":"BreadcrumbList","@id":"https:\/\/abrtherapy.com\/fr\/abr-a-apporte-la-paix-et-un-sourire-sur-le-visage-de-mon-garcon\/#breadcrumb","itemListElement":[{"@type":"ListItem","position":1,"name":"Home","item":"https:\/\/abrtherapy.com\/fr\/"},{"@type":"ListItem","position":2,"name":"ABR a apport\u00e9 la paix et un sourire sur le visage de mon gar\u00e7on"}]},{"@type":"WebSite","@id":"https:\/\/abrtherapy.com\/#website","url":"https:\/\/abrtherapy.com\/","name":"ABR Therapy","description":"Advanced Biomechanical Rehabilitation","potentialAction":[{"@type":"SearchAction","target":{"@type":"EntryPoint","urlTemplate":"https:\/\/abrtherapy.com\/?s={search_term_string}"},"query-input":{"@type":"PropertyValueSpecification","valueRequired":true,"valueName":"search_term_string"}}],"inLanguage":"fr-FR"},{"@type":"Person","@id":"https:\/\/abrtherapy.com\/#\/schema\/person\/8a3f956772ad6ffda3fff0796d8b431c","name":"Carolien","image":{"@type":"ImageObject","inLanguage":"fr-FR","@id":"https:\/\/abrtherapy.com\/#\/schema\/person\/image\/","url":"https:\/\/secure.gravatar.com\/avatar\/0f1eba1010056e403e998eb24d09e27fa66696e6967607b0277f9364f690036f?s=96&d=mm&r=g","contentUrl":"https:\/\/secure.gravatar.com\/avatar\/0f1eba1010056e403e998eb24d09e27fa66696e6967607b0277f9364f690036f?s=96&d=mm&r=g","caption":"Carolien"},"url":"https:\/\/abrtherapy.com\/fr\/author\/carolien\/"}]}},"_links":{"self":[{"href":"https:\/\/abrtherapy.com\/fr\/wp-json\/wp\/v2\/posts\/23379","targetHints":{"allow":["GET"]}}],"collection":[{"href":"https:\/\/abrtherapy.com\/fr\/wp-json\/wp\/v2\/posts"}],"about":[{"href":"https:\/\/abrtherapy.com\/fr\/wp-json\/wp\/v2\/types\/post"}],"author":[{"embeddable":true,"href":"https:\/\/abrtherapy.com\/fr\/wp-json\/wp\/v2\/users\/6"}],"replies":[{"embeddable":true,"href":"https:\/\/abrtherapy.com\/fr\/wp-json\/wp\/v2\/comments?post=23379"}],"version-history":[{"count":0,"href":"https:\/\/abrtherapy.com\/fr\/wp-json\/wp\/v2\/posts\/23379\/revisions"}],"wp:featuredmedia":[{"embeddable":true,"href":"https:\/\/abrtherapy.com\/fr\/wp-json\/wp\/v2\/media\/17611"}],"wp:attachment":[{"href":"https:\/\/abrtherapy.com\/fr\/wp-json\/wp\/v2\/media?parent=23379"}],"wp:term":[{"taxonomy":"category","embeddable":true,"href":"https:\/\/abrtherapy.com\/fr\/wp-json\/wp\/v2\/categories?post=23379"},{"taxonomy":"post_tag","embeddable":true,"href":"https:\/\/abrtherapy.com\/fr\/wp-json\/wp\/v2\/tags?post=23379"}],"curies":[{"name":"wp","href":"https:\/\/api.w.org\/{rel}","templated":true}]}}