{"id":23363,"date":"2019-12-21T12:20:46","date_gmt":"2019-12-21T11:20:46","guid":{"rendered":"https:\/\/abrtherapy.com\/retour-sur-2019-par-un-formateur-abr\/"},"modified":"2023-03-28T12:09:20","modified_gmt":"2023-03-28T10:09:20","slug":"retour-sur-2019-par-un-formateur-abr","status":"publish","type":"post","link":"https:\/\/abrtherapy.com\/fr\/retour-sur-2019-par-un-formateur-abr\/","title":{"rendered":"Retour sur 2019 par un formateur ABR"},"content":{"rendered":"<h1>Bravo \u00e0 nos merveilleux enfants et parents!<\/h1>\n<p>No\u00ebl approche \u00e0 grands pas et 2019 touche \u00e0 sa fin.<br \/>\nIl est temps de revenir sur cette merveilleuse ann\u00e9e, du point de vue d&rsquo;un formateur ABR&nbsp;!<\/p>\n<p>&nbsp;<\/p>\n<h2>Un nouveau chapitre en tant que formateur ABR<\/h2>\n<p>D\u00e9but 2019, <a href=\"https:\/\/abrtherapy.com\/fr\/team-member\/carolien-roberti\/\">j&rsquo;ai commenc\u00e9 comme formatrice ABR<\/a> . Tout comme les parents qui commencent leur voyage ABR, j&rsquo;ai d\u00fb apprendre les diff\u00e9rentes techniques et combien il est important de \u00ab\u00a0se concentrer et de ressentir\u00a0\u00bb. Chaque jour, le corps humain continue de m&rsquo;\u00e9tonner et c&rsquo;est impressionnant de voir comment il est capable de changer et de progresser.<\/p>\n<p>&nbsp;<\/p>\n<p>Mais je n&rsquo;aurais pas appris tant de choses sans mes chers coll\u00e8gues de l&rsquo;ABR. Sans aucun doute, ils sont l&rsquo;une de mes plus grandes b\u00e9n\u00e9dictions de 2019. D\u00e8s le d\u00e9but, je me suis sentie bien accueillie et soutenue. J&rsquo;ai l&rsquo;impression de faire partie de la famille ABR depuis d\u00e9j\u00e0 de nombreuses ann\u00e9es. Lorsque vous visiterez notre centre ABR Belgium, vous ressentirez la m\u00eame chaleur et le m\u00eame soutien, j&rsquo;en suis s\u00fbr.<\/p>\n<p>&nbsp;<\/p>\n<h2>Les plus grands enfants et parents<\/h2>\n<p><img decoding=\"async\" class=\"wp-image-17235 alignleft\" src=\"https:\/\/abrtherapy.com\/wp-content\/uploads\/2019\/12\/fotografierende-ckvAsKbpRP0-unsplash22-300x283.jpg\" alt=\"\" width=\"191\" height=\"180\">Ma deuxi\u00e8me b\u00e9n\u00e9diction de 2019 \u00e9tait tous les beaux enfants et les parents forts que j&rsquo;ai rencontr\u00e9s.<\/p>\n<p>Quand je parle de mon m\u00e9tier de formateur ABR, j&rsquo;entends souvent la remarque : \u00ab Wow, c&rsquo;est super ! Mais n&rsquo;est-ce pas \u00e9motionnellement difficile de travailler avec des enfants ayant des besoins sp\u00e9ciaux&nbsp;?&nbsp;\u00bb Honn\u00eatement, je poserais probablement la m\u00eame question si je ne travaillais pas pour ABR. Mais non, ce n&rsquo;est pas difficile. Je reconnais les choses que nos enfants ne peuvent pas faire, mais je ne me focalise pas n\u00e9gativement sur elles. Je me concentre sur la croissance de nos enfants, que pouvons-nous faire pour rendre leur vie plus confortable et plus heureuse&nbsp;? Donc, c&rsquo;est une orientation positive et c&rsquo;est quelque chose que j&rsquo;ai appris cette ann\u00e9e \u00e0 ABR.<\/p>\n<h2><\/h2>\n<p>Et vous les parents&#8230; Wow! Vous \u00eates super !<br \/>\nJe savais d\u00e9j\u00e0 que les parents feraient n&rsquo;importe quoi pour leurs enfants. Mais cette ann\u00e9e, j&rsquo;ai vu un r\u00e9el d\u00e9vouement, de la force et de la confiance pour choisir une voie diff\u00e9rente. Parce que l&rsquo;ABR est une th\u00e9rapie \u00e0 domicile, vos parents reprennent le contr\u00f4le et vous pouvez \u00e0 eux seuls influencer la croissance de votre propre enfant. Cela vaut des millions. Mais nous savons que ce n&rsquo;est pas toujours facile, cela demande beaucoup de planification et d&rsquo;engagement. Et c&rsquo;est pourquoi je tiens \u00e0 vous remercier tous pour ce d\u00e9vouement. Tu es fort. Tu te d\u00e9brouilles bien. Et vous \u00eates le meilleur parent qu&rsquo;un enfant puisse souhaiter. Un gros c\u00e2lin chaleureux pour vous tous!<\/p>\n<p>&nbsp;<\/p>\n<p>C\u00e9l\u00e9brons les am\u00e9liorations de cette ann\u00e9e. Et je souhaite qu&rsquo;il se passe encore plus de bonnes choses en 2020. Bravo \u00e0 vous, bravo \u00e0 nos merveilleux enfants, parents et soignants!<\/p>\n<p>&nbsp;<\/p>\n<p>Gros bisous,<br \/>\nCaroline<\/p>\n<p>&nbsp;<\/p>\n","protected":false},"excerpt":{"rendered":"<p>Carolien revient sur 2019 et elle a un beau souhait pour tout le monde ! <\/p>\n","protected":false},"author":6,"featured_media":17287,"comment_status":"closed","ping_status":"closed","sticky":false,"template":"","format":"standard","meta":{"_exactmetrics_skip_tracking":false,"_exactmetrics_sitenote_active":false,"_exactmetrics_sitenote_note":"","_exactmetrics_sitenote_category":0,"footnotes":""},"categories":[600],"tags":[705,281,707,706,704],"class_list":["post-23363","post","type-post","status-publish","format-standard","has-post-thumbnail","hentry","category-auteur-invite","tag-2019-fr","tag-abr-fr","tag-enfants-puissants","tag-parents-de-pouvoir","tag-souhait-de-noel"],"yoast_head":"<!-- This site is optimized with the Yoast SEO plugin v26.9 - https:\/\/yoast.com\/product\/yoast-seo-wordpress\/ -->\n<title>Retour sur 2019 par un formateur ABR - ABR Therapy<\/title>\n<meta name=\"description\" content=\"Formateur ABR. C\u00e9l\u00e9brons les am\u00e9liorations de cette ann\u00e9e. Bravo \u00e0 vous, bravo \u00e0 nos merveilleux enfants, parents et soignants!\" \/>\n<meta name=\"robots\" content=\"index, follow, max-snippet:-1, max-image-preview:large, max-video-preview:-1\" \/>\n<link rel=\"canonical\" href=\"https:\/\/abrtherapy.com\/fr\/retour-sur-2019-par-un-formateur-abr\/\" \/>\n<meta property=\"og:locale\" content=\"fr_FR\" \/>\n<meta property=\"og:type\" content=\"article\" \/>\n<meta property=\"og:title\" content=\"Retour sur 2019 par un formateur ABR - ABR Therapy\" \/>\n<meta property=\"og:description\" content=\"Formateur ABR. C\u00e9l\u00e9brons les am\u00e9liorations de cette ann\u00e9e. Bravo \u00e0 vous, bravo \u00e0 nos merveilleux enfants, parents et soignants!\" \/>\n<meta property=\"og:url\" content=\"https:\/\/abrtherapy.com\/fr\/retour-sur-2019-par-un-formateur-abr\/\" \/>\n<meta property=\"og:site_name\" content=\"ABR Therapy\" \/>\n<meta property=\"article:published_time\" content=\"2019-12-21T11:20:46+00:00\" \/>\n<meta property=\"article:modified_time\" content=\"2023-03-28T10:09:20+00:00\" \/>\n<meta property=\"og:image\" content=\"https:\/\/abrtherapy.com\/wp-content\/uploads\/2019\/12\/Groepsfoto-kerst-2019-2-geknipt-1-966x1024.png\" \/>\n\t<meta property=\"og:image:width\" content=\"966\" \/>\n\t<meta property=\"og:image:height\" content=\"1024\" \/>\n\t<meta property=\"og:image:type\" content=\"image\/png\" \/>\n<meta name=\"author\" content=\"Carolien\" \/>\n<meta name=\"twitter:card\" content=\"summary_large_image\" \/>\n<meta name=\"twitter:label1\" content=\"\u00c9crit par\" \/>\n\t<meta name=\"twitter:data1\" content=\"Carolien\" \/>\n\t<meta name=\"twitter:label2\" content=\"Dur\u00e9e de lecture estim\u00e9e\" \/>\n\t<meta name=\"twitter:data2\" content=\"2 minutes\" \/>\n<script type=\"application\/ld+json\" class=\"yoast-schema-graph\">{\"@context\":\"https:\/\/schema.org\",\"@graph\":[{\"@type\":\"Article\",\"@id\":\"https:\/\/abrtherapy.com\/fr\/retour-sur-2019-par-un-formateur-abr\/#article\",\"isPartOf\":{\"@id\":\"https:\/\/abrtherapy.com\/fr\/retour-sur-2019-par-un-formateur-abr\/\"},\"author\":{\"name\":\"Carolien\",\"@id\":\"https:\/\/abrtherapy.com\/#\/schema\/person\/8a3f956772ad6ffda3fff0796d8b431c\"},\"headline\":\"Retour sur 2019 par un formateur ABR\",\"datePublished\":\"2019-12-21T11:20:46+00:00\",\"dateModified\":\"2023-03-28T10:09:20+00:00\",\"mainEntityOfPage\":{\"@id\":\"https:\/\/abrtherapy.com\/fr\/retour-sur-2019-par-un-formateur-abr\/\"},\"wordCount\":520,\"image\":{\"@id\":\"https:\/\/abrtherapy.com\/fr\/retour-sur-2019-par-un-formateur-abr\/#primaryimage\"},\"thumbnailUrl\":\"https:\/\/abrtherapy.com\/wp-content\/uploads\/2019\/12\/Groepsfoto-kerst-2019-2-geknipt-1.png\",\"keywords\":[\"2019\",\"ABR\",\"Enfants puissants\",\"Parents de pouvoir\",\"Souhait de No\u00ebl\"],\"articleSection\":[\"Auteurs invit\u00e9s\"],\"inLanguage\":\"fr-FR\"},{\"@type\":\"WebPage\",\"@id\":\"https:\/\/abrtherapy.com\/fr\/retour-sur-2019-par-un-formateur-abr\/\",\"url\":\"https:\/\/abrtherapy.com\/fr\/retour-sur-2019-par-un-formateur-abr\/\",\"name\":\"Retour sur 2019 par un formateur ABR - ABR Therapy\",\"isPartOf\":{\"@id\":\"https:\/\/abrtherapy.com\/#website\"},\"primaryImageOfPage\":{\"@id\":\"https:\/\/abrtherapy.com\/fr\/retour-sur-2019-par-un-formateur-abr\/#primaryimage\"},\"image\":{\"@id\":\"https:\/\/abrtherapy.com\/fr\/retour-sur-2019-par-un-formateur-abr\/#primaryimage\"},\"thumbnailUrl\":\"https:\/\/abrtherapy.com\/wp-content\/uploads\/2019\/12\/Groepsfoto-kerst-2019-2-geknipt-1.png\",\"datePublished\":\"2019-12-21T11:20:46+00:00\",\"dateModified\":\"2023-03-28T10:09:20+00:00\",\"author\":{\"@id\":\"https:\/\/abrtherapy.com\/#\/schema\/person\/8a3f956772ad6ffda3fff0796d8b431c\"},\"description\":\"Formateur ABR. C\u00e9l\u00e9brons les am\u00e9liorations de cette ann\u00e9e. Bravo \u00e0 vous, bravo \u00e0 nos merveilleux enfants, parents et soignants!\",\"breadcrumb\":{\"@id\":\"https:\/\/abrtherapy.com\/fr\/retour-sur-2019-par-un-formateur-abr\/#breadcrumb\"},\"inLanguage\":\"fr-FR\",\"potentialAction\":[{\"@type\":\"ReadAction\",\"target\":[\"https:\/\/abrtherapy.com\/fr\/retour-sur-2019-par-un-formateur-abr\/\"]}]},{\"@type\":\"ImageObject\",\"inLanguage\":\"fr-FR\",\"@id\":\"https:\/\/abrtherapy.com\/fr\/retour-sur-2019-par-un-formateur-abr\/#primaryimage\",\"url\":\"https:\/\/abrtherapy.com\/wp-content\/uploads\/2019\/12\/Groepsfoto-kerst-2019-2-geknipt-1.png\",\"contentUrl\":\"https:\/\/abrtherapy.com\/wp-content\/uploads\/2019\/12\/Groepsfoto-kerst-2019-2-geknipt-1.png\",\"width\":1428,\"height\":1514},{\"@type\":\"BreadcrumbList\",\"@id\":\"https:\/\/abrtherapy.com\/fr\/retour-sur-2019-par-un-formateur-abr\/#breadcrumb\",\"itemListElement\":[{\"@type\":\"ListItem\",\"position\":1,\"name\":\"Home\",\"item\":\"https:\/\/abrtherapy.com\/fr\/\"},{\"@type\":\"ListItem\",\"position\":2,\"name\":\"Retour sur 2019 par un formateur ABR\"}]},{\"@type\":\"WebSite\",\"@id\":\"https:\/\/abrtherapy.com\/#website\",\"url\":\"https:\/\/abrtherapy.com\/\",\"name\":\"ABR Therapy\",\"description\":\"Advanced Biomechanical Rehabilitation\",\"potentialAction\":[{\"@type\":\"SearchAction\",\"target\":{\"@type\":\"EntryPoint\",\"urlTemplate\":\"https:\/\/abrtherapy.com\/?s={search_term_string}\"},\"query-input\":{\"@type\":\"PropertyValueSpecification\",\"valueRequired\":true,\"valueName\":\"search_term_string\"}}],\"inLanguage\":\"fr-FR\"},{\"@type\":\"Person\",\"@id\":\"https:\/\/abrtherapy.com\/#\/schema\/person\/8a3f956772ad6ffda3fff0796d8b431c\",\"name\":\"Carolien\",\"image\":{\"@type\":\"ImageObject\",\"inLanguage\":\"fr-FR\",\"@id\":\"https:\/\/abrtherapy.com\/#\/schema\/person\/image\/\",\"url\":\"https:\/\/secure.gravatar.com\/avatar\/0f1eba1010056e403e998eb24d09e27fa66696e6967607b0277f9364f690036f?s=96&d=mm&r=g\",\"contentUrl\":\"https:\/\/secure.gravatar.com\/avatar\/0f1eba1010056e403e998eb24d09e27fa66696e6967607b0277f9364f690036f?s=96&d=mm&r=g\",\"caption\":\"Carolien\"},\"url\":\"https:\/\/abrtherapy.com\/fr\/author\/carolien\/\"}]}<\/script>\n<!-- \/ Yoast SEO plugin. -->","yoast_head_json":{"title":"Retour sur 2019 par un formateur ABR - ABR Therapy","description":"Formateur ABR. C\u00e9l\u00e9brons les am\u00e9liorations de cette ann\u00e9e. Bravo \u00e0 vous, bravo \u00e0 nos merveilleux enfants, parents et soignants!","robots":{"index":"index","follow":"follow","max-snippet":"max-snippet:-1","max-image-preview":"max-image-preview:large","max-video-preview":"max-video-preview:-1"},"canonical":"https:\/\/abrtherapy.com\/fr\/retour-sur-2019-par-un-formateur-abr\/","og_locale":"fr_FR","og_type":"article","og_title":"Retour sur 2019 par un formateur ABR - ABR Therapy","og_description":"Formateur ABR. C\u00e9l\u00e9brons les am\u00e9liorations de cette ann\u00e9e. Bravo \u00e0 vous, bravo \u00e0 nos merveilleux enfants, parents et soignants!","og_url":"https:\/\/abrtherapy.com\/fr\/retour-sur-2019-par-un-formateur-abr\/","og_site_name":"ABR Therapy","article_published_time":"2019-12-21T11:20:46+00:00","article_modified_time":"2023-03-28T10:09:20+00:00","og_image":[{"width":966,"height":1024,"url":"https:\/\/abrtherapy.com\/wp-content\/uploads\/2019\/12\/Groepsfoto-kerst-2019-2-geknipt-1-966x1024.png","type":"image\/png"}],"author":"Carolien","twitter_card":"summary_large_image","twitter_misc":{"\u00c9crit par":"Carolien","Dur\u00e9e de lecture estim\u00e9e":"2 minutes"},"schema":{"@context":"https:\/\/schema.org","@graph":[{"@type":"Article","@id":"https:\/\/abrtherapy.com\/fr\/retour-sur-2019-par-un-formateur-abr\/#article","isPartOf":{"@id":"https:\/\/abrtherapy.com\/fr\/retour-sur-2019-par-un-formateur-abr\/"},"author":{"name":"Carolien","@id":"https:\/\/abrtherapy.com\/#\/schema\/person\/8a3f956772ad6ffda3fff0796d8b431c"},"headline":"Retour sur 2019 par un formateur ABR","datePublished":"2019-12-21T11:20:46+00:00","dateModified":"2023-03-28T10:09:20+00:00","mainEntityOfPage":{"@id":"https:\/\/abrtherapy.com\/fr\/retour-sur-2019-par-un-formateur-abr\/"},"wordCount":520,"image":{"@id":"https:\/\/abrtherapy.com\/fr\/retour-sur-2019-par-un-formateur-abr\/#primaryimage"},"thumbnailUrl":"https:\/\/abrtherapy.com\/wp-content\/uploads\/2019\/12\/Groepsfoto-kerst-2019-2-geknipt-1.png","keywords":["2019","ABR","Enfants puissants","Parents de pouvoir","Souhait de No\u00ebl"],"articleSection":["Auteurs invit\u00e9s"],"inLanguage":"fr-FR"},{"@type":"WebPage","@id":"https:\/\/abrtherapy.com\/fr\/retour-sur-2019-par-un-formateur-abr\/","url":"https:\/\/abrtherapy.com\/fr\/retour-sur-2019-par-un-formateur-abr\/","name":"Retour sur 2019 par un formateur ABR - ABR Therapy","isPartOf":{"@id":"https:\/\/abrtherapy.com\/#website"},"primaryImageOfPage":{"@id":"https:\/\/abrtherapy.com\/fr\/retour-sur-2019-par-un-formateur-abr\/#primaryimage"},"image":{"@id":"https:\/\/abrtherapy.com\/fr\/retour-sur-2019-par-un-formateur-abr\/#primaryimage"},"thumbnailUrl":"https:\/\/abrtherapy.com\/wp-content\/uploads\/2019\/12\/Groepsfoto-kerst-2019-2-geknipt-1.png","datePublished":"2019-12-21T11:20:46+00:00","dateModified":"2023-03-28T10:09:20+00:00","author":{"@id":"https:\/\/abrtherapy.com\/#\/schema\/person\/8a3f956772ad6ffda3fff0796d8b431c"},"description":"Formateur ABR. C\u00e9l\u00e9brons les am\u00e9liorations de cette ann\u00e9e. Bravo \u00e0 vous, bravo \u00e0 nos merveilleux enfants, parents et soignants!","breadcrumb":{"@id":"https:\/\/abrtherapy.com\/fr\/retour-sur-2019-par-un-formateur-abr\/#breadcrumb"},"inLanguage":"fr-FR","potentialAction":[{"@type":"ReadAction","target":["https:\/\/abrtherapy.com\/fr\/retour-sur-2019-par-un-formateur-abr\/"]}]},{"@type":"ImageObject","inLanguage":"fr-FR","@id":"https:\/\/abrtherapy.com\/fr\/retour-sur-2019-par-un-formateur-abr\/#primaryimage","url":"https:\/\/abrtherapy.com\/wp-content\/uploads\/2019\/12\/Groepsfoto-kerst-2019-2-geknipt-1.png","contentUrl":"https:\/\/abrtherapy.com\/wp-content\/uploads\/2019\/12\/Groepsfoto-kerst-2019-2-geknipt-1.png","width":1428,"height":1514},{"@type":"BreadcrumbList","@id":"https:\/\/abrtherapy.com\/fr\/retour-sur-2019-par-un-formateur-abr\/#breadcrumb","itemListElement":[{"@type":"ListItem","position":1,"name":"Home","item":"https:\/\/abrtherapy.com\/fr\/"},{"@type":"ListItem","position":2,"name":"Retour sur 2019 par un formateur ABR"}]},{"@type":"WebSite","@id":"https:\/\/abrtherapy.com\/#website","url":"https:\/\/abrtherapy.com\/","name":"ABR Therapy","description":"Advanced Biomechanical Rehabilitation","potentialAction":[{"@type":"SearchAction","target":{"@type":"EntryPoint","urlTemplate":"https:\/\/abrtherapy.com\/?s={search_term_string}"},"query-input":{"@type":"PropertyValueSpecification","valueRequired":true,"valueName":"search_term_string"}}],"inLanguage":"fr-FR"},{"@type":"Person","@id":"https:\/\/abrtherapy.com\/#\/schema\/person\/8a3f956772ad6ffda3fff0796d8b431c","name":"Carolien","image":{"@type":"ImageObject","inLanguage":"fr-FR","@id":"https:\/\/abrtherapy.com\/#\/schema\/person\/image\/","url":"https:\/\/secure.gravatar.com\/avatar\/0f1eba1010056e403e998eb24d09e27fa66696e6967607b0277f9364f690036f?s=96&d=mm&r=g","contentUrl":"https:\/\/secure.gravatar.com\/avatar\/0f1eba1010056e403e998eb24d09e27fa66696e6967607b0277f9364f690036f?s=96&d=mm&r=g","caption":"Carolien"},"url":"https:\/\/abrtherapy.com\/fr\/author\/carolien\/"}]}},"_links":{"self":[{"href":"https:\/\/abrtherapy.com\/fr\/wp-json\/wp\/v2\/posts\/23363","targetHints":{"allow":["GET"]}}],"collection":[{"href":"https:\/\/abrtherapy.com\/fr\/wp-json\/wp\/v2\/posts"}],"about":[{"href":"https:\/\/abrtherapy.com\/fr\/wp-json\/wp\/v2\/types\/post"}],"author":[{"embeddable":true,"href":"https:\/\/abrtherapy.com\/fr\/wp-json\/wp\/v2\/users\/6"}],"replies":[{"embeddable":true,"href":"https:\/\/abrtherapy.com\/fr\/wp-json\/wp\/v2\/comments?post=23363"}],"version-history":[{"count":1,"href":"https:\/\/abrtherapy.com\/fr\/wp-json\/wp\/v2\/posts\/23363\/revisions"}],"predecessor-version":[{"id":39964,"href":"https:\/\/abrtherapy.com\/fr\/wp-json\/wp\/v2\/posts\/23363\/revisions\/39964"}],"wp:featuredmedia":[{"embeddable":true,"href":"https:\/\/abrtherapy.com\/fr\/wp-json\/wp\/v2\/media\/17287"}],"wp:attachment":[{"href":"https:\/\/abrtherapy.com\/fr\/wp-json\/wp\/v2\/media?parent=23363"}],"wp:term":[{"taxonomy":"category","embeddable":true,"href":"https:\/\/abrtherapy.com\/fr\/wp-json\/wp\/v2\/categories?post=23363"},{"taxonomy":"post_tag","embeddable":true,"href":"https:\/\/abrtherapy.com\/fr\/wp-json\/wp\/v2\/tags?post=23363"}],"curies":[{"name":"wp","href":"https:\/\/api.w.org\/{rel}","templated":true}]}}