{"id":23339,"date":"2020-12-01T16:20:43","date_gmt":"2020-12-01T15:20:43","guid":{"rendered":"https:\/\/abrtherapy.com\/quelle-est-la-place-de-labr-dans-le-systeme-de-readaptation\/"},"modified":"2023-03-28T12:08:38","modified_gmt":"2023-03-28T10:08:38","slug":"quelle-est-la-place-de-labr-dans-le-systeme-de-readaptation","status":"publish","type":"post","link":"https:\/\/abrtherapy.com\/fr\/quelle-est-la-place-de-labr-dans-le-systeme-de-readaptation\/","title":{"rendered":"Quelle est la place de l&rsquo;ABR dans le syst\u00e8me de r\u00e9adaptation&nbsp;?"},"content":{"rendered":"<h1>Where does ABR belong in the rehabilitation system?<\/h1>\n<p>In the rehabilitation system, many therapies are focused on gaining functional \u2018decimeters\u2019 as soon as possible.\u00a0However, without realizing that you first need to build the millimeters. This means building the basic structure to have the centimeters to reach the functional decimeters.<\/p>\n<p>In general, we can divide most of the existing therapies in the rehabilitation system into three categories.<\/p>\n<p>The first category are the therapies that try to fight the symptoms.\u00a0 They try to solve the problems locally, do a quick fix etc. For example; a spastic muscle? Let\u2019s insert <a href=\"https:\/\/en.wikipedia.org\/wiki\/Botulinum_toxin\">Botox<\/a>. Dislocated hip? An operation is the way to go.\u00a0Medication and operations are often the solutions here.\u00a0ABR doesn\u2019t belong in this category.<\/p>\n<p>The second category is when a therapy tries to gain performance of a proper function from a weak structure.\u00a0For example, forcing a proper hand function while the clavicle and shoulder blade are not stable at all is mechanically impossible.\u00a0This focusses on the functional outcome whilst the basic structure is not yet in place.\u00a0ABR doesn\u2019t belong here either.<\/p>\n<p>Last category, the \u2018miracle therapies\u2019.\u00a0We certainly don\u2019t belong here either. We do not have a guru in a distant country who is going to carry out special healing which miraculously solves all your problems. If we find one however, we\u2019ll put it in the newsletter.<\/p>\n<h2>ABR Therapy<\/h2>\n<p><a href=\"https:\/\/abrtherapy.com\/fr\/process\/\">But what does ABR do?<\/a> Whilst all these therapies work on the decimeters, we work back to the millimeters.\u00a0It is impossible to gain decimeters if you don\u2019t have all the fundamental elements of the structure and the movement in the first place.\u00a0For example, sitting can never improve if you do not have the basic head control, a stable neck, mobility and strength of the spine, an unlocked lumbar area, stability of the pelvis, a well-developed sitting platform etc. All these elements are what we class as the millimeters.\u00a0We have to build these before we can even think about the functional decimeter; sitting.\u00a0ABR is a completely different approach which first builds the fundamentals which are vital before the body can go into action.<\/p>\n","protected":false},"excerpt":{"rendered":"<p>Krista r\u00e9pond \u00e0 certaines des questions les plus pos\u00e9es par les parents sur l&rsquo;ABR.<\/p>\n","protected":false},"author":2,"featured_media":19229,"comment_status":"closed","ping_status":"closed","sticky":false,"template":"","format":"standard","meta":{"_exactmetrics_skip_tracking":false,"_exactmetrics_sitenote_active":false,"_exactmetrics_sitenote_note":"","_exactmetrics_sitenote_category":0,"footnotes":""},"categories":[599],"tags":[281,576,640,352],"class_list":["post-23339","post","type-post","status-publish","format-standard","has-post-thumbnail","hentry","category-faq-fr","tag-abr-fr","tag-learning-fr","tag-blog-fr","tag-abr-therapie-2-fr"],"yoast_head":"<!-- This site is optimized with the Yoast SEO plugin v26.9 - https:\/\/yoast.com\/product\/yoast-seo-wordpress\/ -->\n<title>Quelle est la place de l&#039;ABR dans le syst\u00e8me de r\u00e9adaptation&nbsp;? - ABR Therapy<\/title>\n<meta name=\"description\" content=\"Dans le syst\u00e8me de r\u00e9\u00e9ducation, l&#039;ABR est une approche compl\u00e8tement diff\u00e9rente qui construit d&#039;abord les fondamentaux qui sont vitaux avant que le corps puisse entrer en action.\" \/>\n<meta name=\"robots\" content=\"index, follow, max-snippet:-1, max-image-preview:large, max-video-preview:-1\" \/>\n<link rel=\"canonical\" href=\"https:\/\/abrtherapy.com\/fr\/quelle-est-la-place-de-labr-dans-le-systeme-de-readaptation\/\" \/>\n<meta property=\"og:locale\" content=\"fr_FR\" \/>\n<meta property=\"og:type\" content=\"article\" \/>\n<meta property=\"og:title\" content=\"Quelle est la place de l&#039;ABR dans le syst\u00e8me de r\u00e9adaptation&nbsp;? - ABR Therapy\" \/>\n<meta property=\"og:description\" content=\"Dans le syst\u00e8me de r\u00e9\u00e9ducation, l&#039;ABR est une approche compl\u00e8tement diff\u00e9rente qui construit d&#039;abord les fondamentaux qui sont vitaux avant que le corps puisse entrer en action.\" \/>\n<meta property=\"og:url\" content=\"https:\/\/abrtherapy.com\/fr\/quelle-est-la-place-de-labr-dans-le-systeme-de-readaptation\/\" \/>\n<meta property=\"og:site_name\" content=\"ABR Therapy\" \/>\n<meta property=\"article:published_time\" content=\"2020-12-01T15:20:43+00:00\" \/>\n<meta property=\"article:modified_time\" content=\"2023-03-28T10:08:38+00:00\" \/>\n<meta property=\"og:image\" content=\"https:\/\/abrtherapy.com\/wp-content\/uploads\/2020\/12\/Krista_Vierkant.jpg\" \/>\n\t<meta property=\"og:image:width\" content=\"689\" \/>\n\t<meta property=\"og:image:height\" content=\"689\" \/>\n\t<meta property=\"og:image:type\" content=\"image\/jpeg\" \/>\n<meta name=\"author\" content=\"Lauren ABR\" \/>\n<meta name=\"twitter:card\" content=\"summary_large_image\" \/>\n<meta name=\"twitter:label1\" content=\"\u00c9crit par\" \/>\n\t<meta name=\"twitter:data1\" content=\"Lauren ABR\" \/>\n\t<meta name=\"twitter:label2\" content=\"Dur\u00e9e de lecture estim\u00e9e\" \/>\n\t<meta name=\"twitter:data2\" content=\"2 minutes\" \/>\n<script type=\"application\/ld+json\" class=\"yoast-schema-graph\">{\"@context\":\"https:\/\/schema.org\",\"@graph\":[{\"@type\":\"Article\",\"@id\":\"https:\/\/abrtherapy.com\/fr\/quelle-est-la-place-de-labr-dans-le-systeme-de-readaptation\/#article\",\"isPartOf\":{\"@id\":\"https:\/\/abrtherapy.com\/fr\/quelle-est-la-place-de-labr-dans-le-systeme-de-readaptation\/\"},\"author\":{\"name\":\"Lauren ABR\",\"@id\":\"https:\/\/abrtherapy.com\/#\/schema\/person\/6fc190a86246ca374c12b503c377e069\"},\"headline\":\"Quelle est la place de l&rsquo;ABR dans le syst\u00e8me de r\u00e9adaptation&nbsp;?\",\"datePublished\":\"2020-12-01T15:20:43+00:00\",\"dateModified\":\"2023-03-28T10:08:38+00:00\",\"mainEntityOfPage\":{\"@id\":\"https:\/\/abrtherapy.com\/fr\/quelle-est-la-place-de-labr-dans-le-systeme-de-readaptation\/\"},\"wordCount\":377,\"image\":{\"@id\":\"https:\/\/abrtherapy.com\/fr\/quelle-est-la-place-de-labr-dans-le-systeme-de-readaptation\/#primaryimage\"},\"thumbnailUrl\":\"https:\/\/abrtherapy.com\/wp-content\/uploads\/2020\/12\/Krista_Vierkant.jpg\",\"keywords\":[\"ABR\",\"Apprentissage\",\"Blog\",\"Th\u00e9rapie ABR\"],\"articleSection\":[\"FAQ\"],\"inLanguage\":\"fr-FR\"},{\"@type\":\"WebPage\",\"@id\":\"https:\/\/abrtherapy.com\/fr\/quelle-est-la-place-de-labr-dans-le-systeme-de-readaptation\/\",\"url\":\"https:\/\/abrtherapy.com\/fr\/quelle-est-la-place-de-labr-dans-le-systeme-de-readaptation\/\",\"name\":\"Quelle est la place de l'ABR dans le syst\u00e8me de r\u00e9adaptation&nbsp;? - ABR Therapy\",\"isPartOf\":{\"@id\":\"https:\/\/abrtherapy.com\/#website\"},\"primaryImageOfPage\":{\"@id\":\"https:\/\/abrtherapy.com\/fr\/quelle-est-la-place-de-labr-dans-le-systeme-de-readaptation\/#primaryimage\"},\"image\":{\"@id\":\"https:\/\/abrtherapy.com\/fr\/quelle-est-la-place-de-labr-dans-le-systeme-de-readaptation\/#primaryimage\"},\"thumbnailUrl\":\"https:\/\/abrtherapy.com\/wp-content\/uploads\/2020\/12\/Krista_Vierkant.jpg\",\"datePublished\":\"2020-12-01T15:20:43+00:00\",\"dateModified\":\"2023-03-28T10:08:38+00:00\",\"author\":{\"@id\":\"https:\/\/abrtherapy.com\/#\/schema\/person\/6fc190a86246ca374c12b503c377e069\"},\"description\":\"Dans le syst\u00e8me de r\u00e9\u00e9ducation, l'ABR est une approche compl\u00e8tement diff\u00e9rente qui construit d'abord les fondamentaux qui sont vitaux avant que le corps puisse entrer en action.\",\"breadcrumb\":{\"@id\":\"https:\/\/abrtherapy.com\/fr\/quelle-est-la-place-de-labr-dans-le-systeme-de-readaptation\/#breadcrumb\"},\"inLanguage\":\"fr-FR\",\"potentialAction\":[{\"@type\":\"ReadAction\",\"target\":[\"https:\/\/abrtherapy.com\/fr\/quelle-est-la-place-de-labr-dans-le-systeme-de-readaptation\/\"]}]},{\"@type\":\"ImageObject\",\"inLanguage\":\"fr-FR\",\"@id\":\"https:\/\/abrtherapy.com\/fr\/quelle-est-la-place-de-labr-dans-le-systeme-de-readaptation\/#primaryimage\",\"url\":\"https:\/\/abrtherapy.com\/wp-content\/uploads\/2020\/12\/Krista_Vierkant.jpg\",\"contentUrl\":\"https:\/\/abrtherapy.com\/wp-content\/uploads\/2020\/12\/Krista_Vierkant.jpg\",\"width\":689,\"height\":689,\"caption\":\"R\u00e9habilitation\"},{\"@type\":\"BreadcrumbList\",\"@id\":\"https:\/\/abrtherapy.com\/fr\/quelle-est-la-place-de-labr-dans-le-systeme-de-readaptation\/#breadcrumb\",\"itemListElement\":[{\"@type\":\"ListItem\",\"position\":1,\"name\":\"Home\",\"item\":\"https:\/\/abrtherapy.com\/fr\/\"},{\"@type\":\"ListItem\",\"position\":2,\"name\":\"Quelle est la place de l&rsquo;ABR dans le syst\u00e8me de r\u00e9adaptation&nbsp;?\"}]},{\"@type\":\"WebSite\",\"@id\":\"https:\/\/abrtherapy.com\/#website\",\"url\":\"https:\/\/abrtherapy.com\/\",\"name\":\"ABR Therapy\",\"description\":\"Advanced Biomechanical Rehabilitation\",\"potentialAction\":[{\"@type\":\"SearchAction\",\"target\":{\"@type\":\"EntryPoint\",\"urlTemplate\":\"https:\/\/abrtherapy.com\/?s={search_term_string}\"},\"query-input\":{\"@type\":\"PropertyValueSpecification\",\"valueRequired\":true,\"valueName\":\"search_term_string\"}}],\"inLanguage\":\"fr-FR\"},{\"@type\":\"Person\",\"@id\":\"https:\/\/abrtherapy.com\/#\/schema\/person\/6fc190a86246ca374c12b503c377e069\",\"name\":\"Lauren ABR\",\"image\":{\"@type\":\"ImageObject\",\"inLanguage\":\"fr-FR\",\"@id\":\"https:\/\/abrtherapy.com\/#\/schema\/person\/image\/\",\"url\":\"https:\/\/secure.gravatar.com\/avatar\/7ab9c1588cee2a8dae498ebde2a44569c385d07563cad5bb30fa64f5d3f7ddf2?s=96&d=mm&r=g\",\"contentUrl\":\"https:\/\/secure.gravatar.com\/avatar\/7ab9c1588cee2a8dae498ebde2a44569c385d07563cad5bb30fa64f5d3f7ddf2?s=96&d=mm&r=g\",\"caption\":\"Lauren ABR\"},\"url\":\"https:\/\/abrtherapy.com\/fr\/author\/lauren\/\"}]}<\/script>\n<!-- \/ Yoast SEO plugin. -->","yoast_head_json":{"title":"Quelle est la place de l'ABR dans le syst\u00e8me de r\u00e9adaptation&nbsp;? - ABR Therapy","description":"Dans le syst\u00e8me de r\u00e9\u00e9ducation, l'ABR est une approche compl\u00e8tement diff\u00e9rente qui construit d'abord les fondamentaux qui sont vitaux avant que le corps puisse entrer en action.","robots":{"index":"index","follow":"follow","max-snippet":"max-snippet:-1","max-image-preview":"max-image-preview:large","max-video-preview":"max-video-preview:-1"},"canonical":"https:\/\/abrtherapy.com\/fr\/quelle-est-la-place-de-labr-dans-le-systeme-de-readaptation\/","og_locale":"fr_FR","og_type":"article","og_title":"Quelle est la place de l'ABR dans le syst\u00e8me de r\u00e9adaptation&nbsp;? - ABR Therapy","og_description":"Dans le syst\u00e8me de r\u00e9\u00e9ducation, l'ABR est une approche compl\u00e8tement diff\u00e9rente qui construit d'abord les fondamentaux qui sont vitaux avant que le corps puisse entrer en action.","og_url":"https:\/\/abrtherapy.com\/fr\/quelle-est-la-place-de-labr-dans-le-systeme-de-readaptation\/","og_site_name":"ABR Therapy","article_published_time":"2020-12-01T15:20:43+00:00","article_modified_time":"2023-03-28T10:08:38+00:00","og_image":[{"width":689,"height":689,"url":"https:\/\/abrtherapy.com\/wp-content\/uploads\/2020\/12\/Krista_Vierkant.jpg","type":"image\/jpeg"}],"author":"Lauren ABR","twitter_card":"summary_large_image","twitter_misc":{"\u00c9crit par":"Lauren ABR","Dur\u00e9e de lecture estim\u00e9e":"2 minutes"},"schema":{"@context":"https:\/\/schema.org","@graph":[{"@type":"Article","@id":"https:\/\/abrtherapy.com\/fr\/quelle-est-la-place-de-labr-dans-le-systeme-de-readaptation\/#article","isPartOf":{"@id":"https:\/\/abrtherapy.com\/fr\/quelle-est-la-place-de-labr-dans-le-systeme-de-readaptation\/"},"author":{"name":"Lauren ABR","@id":"https:\/\/abrtherapy.com\/#\/schema\/person\/6fc190a86246ca374c12b503c377e069"},"headline":"Quelle est la place de l&rsquo;ABR dans le syst\u00e8me de r\u00e9adaptation&nbsp;?","datePublished":"2020-12-01T15:20:43+00:00","dateModified":"2023-03-28T10:08:38+00:00","mainEntityOfPage":{"@id":"https:\/\/abrtherapy.com\/fr\/quelle-est-la-place-de-labr-dans-le-systeme-de-readaptation\/"},"wordCount":377,"image":{"@id":"https:\/\/abrtherapy.com\/fr\/quelle-est-la-place-de-labr-dans-le-systeme-de-readaptation\/#primaryimage"},"thumbnailUrl":"https:\/\/abrtherapy.com\/wp-content\/uploads\/2020\/12\/Krista_Vierkant.jpg","keywords":["ABR","Apprentissage","Blog","Th\u00e9rapie ABR"],"articleSection":["FAQ"],"inLanguage":"fr-FR"},{"@type":"WebPage","@id":"https:\/\/abrtherapy.com\/fr\/quelle-est-la-place-de-labr-dans-le-systeme-de-readaptation\/","url":"https:\/\/abrtherapy.com\/fr\/quelle-est-la-place-de-labr-dans-le-systeme-de-readaptation\/","name":"Quelle est la place de l'ABR dans le syst\u00e8me de r\u00e9adaptation&nbsp;? - ABR Therapy","isPartOf":{"@id":"https:\/\/abrtherapy.com\/#website"},"primaryImageOfPage":{"@id":"https:\/\/abrtherapy.com\/fr\/quelle-est-la-place-de-labr-dans-le-systeme-de-readaptation\/#primaryimage"},"image":{"@id":"https:\/\/abrtherapy.com\/fr\/quelle-est-la-place-de-labr-dans-le-systeme-de-readaptation\/#primaryimage"},"thumbnailUrl":"https:\/\/abrtherapy.com\/wp-content\/uploads\/2020\/12\/Krista_Vierkant.jpg","datePublished":"2020-12-01T15:20:43+00:00","dateModified":"2023-03-28T10:08:38+00:00","author":{"@id":"https:\/\/abrtherapy.com\/#\/schema\/person\/6fc190a86246ca374c12b503c377e069"},"description":"Dans le syst\u00e8me de r\u00e9\u00e9ducation, l'ABR est une approche compl\u00e8tement diff\u00e9rente qui construit d'abord les fondamentaux qui sont vitaux avant que le corps puisse entrer en action.","breadcrumb":{"@id":"https:\/\/abrtherapy.com\/fr\/quelle-est-la-place-de-labr-dans-le-systeme-de-readaptation\/#breadcrumb"},"inLanguage":"fr-FR","potentialAction":[{"@type":"ReadAction","target":["https:\/\/abrtherapy.com\/fr\/quelle-est-la-place-de-labr-dans-le-systeme-de-readaptation\/"]}]},{"@type":"ImageObject","inLanguage":"fr-FR","@id":"https:\/\/abrtherapy.com\/fr\/quelle-est-la-place-de-labr-dans-le-systeme-de-readaptation\/#primaryimage","url":"https:\/\/abrtherapy.com\/wp-content\/uploads\/2020\/12\/Krista_Vierkant.jpg","contentUrl":"https:\/\/abrtherapy.com\/wp-content\/uploads\/2020\/12\/Krista_Vierkant.jpg","width":689,"height":689,"caption":"R\u00e9habilitation"},{"@type":"BreadcrumbList","@id":"https:\/\/abrtherapy.com\/fr\/quelle-est-la-place-de-labr-dans-le-systeme-de-readaptation\/#breadcrumb","itemListElement":[{"@type":"ListItem","position":1,"name":"Home","item":"https:\/\/abrtherapy.com\/fr\/"},{"@type":"ListItem","position":2,"name":"Quelle est la place de l&rsquo;ABR dans le syst\u00e8me de r\u00e9adaptation&nbsp;?"}]},{"@type":"WebSite","@id":"https:\/\/abrtherapy.com\/#website","url":"https:\/\/abrtherapy.com\/","name":"ABR Therapy","description":"Advanced Biomechanical Rehabilitation","potentialAction":[{"@type":"SearchAction","target":{"@type":"EntryPoint","urlTemplate":"https:\/\/abrtherapy.com\/?s={search_term_string}"},"query-input":{"@type":"PropertyValueSpecification","valueRequired":true,"valueName":"search_term_string"}}],"inLanguage":"fr-FR"},{"@type":"Person","@id":"https:\/\/abrtherapy.com\/#\/schema\/person\/6fc190a86246ca374c12b503c377e069","name":"Lauren ABR","image":{"@type":"ImageObject","inLanguage":"fr-FR","@id":"https:\/\/abrtherapy.com\/#\/schema\/person\/image\/","url":"https:\/\/secure.gravatar.com\/avatar\/7ab9c1588cee2a8dae498ebde2a44569c385d07563cad5bb30fa64f5d3f7ddf2?s=96&d=mm&r=g","contentUrl":"https:\/\/secure.gravatar.com\/avatar\/7ab9c1588cee2a8dae498ebde2a44569c385d07563cad5bb30fa64f5d3f7ddf2?s=96&d=mm&r=g","caption":"Lauren ABR"},"url":"https:\/\/abrtherapy.com\/fr\/author\/lauren\/"}]}},"_links":{"self":[{"href":"https:\/\/abrtherapy.com\/fr\/wp-json\/wp\/v2\/posts\/23339","targetHints":{"allow":["GET"]}}],"collection":[{"href":"https:\/\/abrtherapy.com\/fr\/wp-json\/wp\/v2\/posts"}],"about":[{"href":"https:\/\/abrtherapy.com\/fr\/wp-json\/wp\/v2\/types\/post"}],"author":[{"embeddable":true,"href":"https:\/\/abrtherapy.com\/fr\/wp-json\/wp\/v2\/users\/2"}],"replies":[{"embeddable":true,"href":"https:\/\/abrtherapy.com\/fr\/wp-json\/wp\/v2\/comments?post=23339"}],"version-history":[{"count":1,"href":"https:\/\/abrtherapy.com\/fr\/wp-json\/wp\/v2\/posts\/23339\/revisions"}],"predecessor-version":[{"id":38223,"href":"https:\/\/abrtherapy.com\/fr\/wp-json\/wp\/v2\/posts\/23339\/revisions\/38223"}],"wp:featuredmedia":[{"embeddable":true,"href":"https:\/\/abrtherapy.com\/fr\/wp-json\/wp\/v2\/media\/19229"}],"wp:attachment":[{"href":"https:\/\/abrtherapy.com\/fr\/wp-json\/wp\/v2\/media?parent=23339"}],"wp:term":[{"taxonomy":"category","embeddable":true,"href":"https:\/\/abrtherapy.com\/fr\/wp-json\/wp\/v2\/categories?post=23339"},{"taxonomy":"post_tag","embeddable":true,"href":"https:\/\/abrtherapy.com\/fr\/wp-json\/wp\/v2\/tags?post=23339"}],"curies":[{"name":"wp","href":"https:\/\/api.w.org\/{rel}","templated":true}]}}